{"id":311532,"date":"2018-10-31T08:53:12","date_gmt":"2018-10-31T12:53:12","guid":{"rendered":"http:\/\/primermomento.com\/?p=311532"},"modified":"2018-10-31T14:57:27","modified_gmt":"2018-10-31T18:57:27","slug":"nueva-ley-laboral-favorece-empleados-dominicanos-regocijados","status":"publish","type":"post","link":"https:\/\/primermomento.com\/?p=311532","title":{"rendered":"Nueva ley laboral favorece empleados; dominicanos regocijados"},"content":{"rendered":"<p class=\"m_-8374604468767483540ydp83d179b6yiv7474504967aolmailydp8a2aa733msonospacing\"><span lang=\"ES-US\">TRENTON, Nueva Jersey.- Dominicanos que laboran en instituciones privadas y p\u00fablicas en este estado, se sienten regocijados por la entrada en vigencia este lunes de una nueva ley que obliga a los empleadores a ofrecer pago (equivalente al pago normal del empleado) por d\u00edas de enfermedad.<\/span><\/p>\n<p class=\"m_-8374604468767483540ydp83d179b6yiv7474504967aolmailydp8a2aa733msonospacing\"><span lang=\"ES-US\"><img loading=\"lazy\" decoding=\"async\" class=\"size-medium wp-image-311533 alignleft\" src=\"http:\/\/primermomento.com\/wp-content\/uploads\/2018\/10\/nueva-ley-nj-300x200.jpeg\" alt=\"\" width=\"300\" height=\"200\" srcset=\"https:\/\/primermomento.com\/wp-content\/uploads\/2018\/10\/nueva-ley-nj-300x200.jpeg 300w, https:\/\/primermomento.com\/wp-content\/uploads\/2018\/10\/nueva-ley-nj-73x50.jpeg 73w, https:\/\/primermomento.com\/wp-content\/uploads\/2018\/10\/nueva-ley-nj-500x333.jpeg 500w, https:\/\/primermomento.com\/wp-content\/uploads\/2018\/10\/nueva-ley-nj-280x187.jpeg 280w, https:\/\/primermomento.com\/wp-content\/uploads\/2018\/10\/nueva-ley-nj-60x40.jpeg 60w, https:\/\/primermomento.com\/wp-content\/uploads\/2018\/10\/nueva-ley-nj-638x425.jpeg 638w, https:\/\/primermomento.com\/wp-content\/uploads\/2018\/10\/nueva-ley-nj-118x79.jpeg 118w, https:\/\/primermomento.com\/wp-content\/uploads\/2018\/10\/nueva-ley-nj-479x319.jpeg 479w, https:\/\/primermomento.com\/wp-content\/uploads\/2018\/10\/nueva-ley-nj.jpeg 720w\" sizes=\"auto, (max-width: 300px) 100vw, 300px\" \/>Asi lo hicieron saber Milt\u00f3n Echavarr\u00eda, Luis Parra, Andrea Manzueta, Iris de Marmolejos, Carlos Rodr\u00edguez, Antonio Abreu, Claudio Rivera y Miguel Rosario, durante llamadas telef\u00f3nica a este reportero.<\/span><\/p>\n<p class=\"m_-8374604468767483540ydp83d179b6yiv7474504967aolmailydp8a2aa733msonospacing\"><span lang=\"ES-US\">Bajo la nueva ley, los empleadores deben darles a sus trabajadores una hora de enfermedad por cada 30 horas trabajadas, hasta un total de 40 horas en todo el a\u00f1o.\u00a0<\/span><\/p>\n<p class=\"m_-8374604468767483540ydp83d179b6yiv7474504967aolmailydp8a2aa733msonospacing\"><span lang=\"ES-US\">La ley aplica a cualquier persona o entidad que tenga empleados en el estado Jard\u00edn, independientemente del tama\u00f1o del empleador.<\/span><\/p>\n<p class=\"m_-8374604468767483540ydp83d179b6yiv7474504967aolmailydp8a2aa733msonospacing\"><span lang=\"ES-US\">Los t\u00e9rminos \u00abempleador\u00bb y \u00abempleado\u00bb se definen ampliamente para incluir a todos los empleadores y empleados, con excepciones limitadas. Esto incluye empresas de servicios de ayuda temporal y peque\u00f1as empresas.<\/span><\/p>\n<p class=\"m_-8374604468767483540ydp83d179b6yiv7474504967aolmailydp8a2aa733msonospacing\"><span lang=\"ES-US\">Los empleadores pueden requerir documentaci\u00f3n m\u00e9dica u otra documentaci\u00f3n para justificar que la ausencia de tres o m\u00e1s d\u00edas sea permisible de acuerdo a la Ley.<\/span><\/p>\n<p class=\"m_-8374604468767483540ydp83d179b6yiv7474504967aolmailydp8a2aa733msonospacing\"><span lang=\"ES-US\">Los d\u00edas de enfermedad no tienen que ser usados espec\u00edficamente por estar enfermo. La ley establece que tambi\u00e9n se pueden usar estos d\u00edas para necesidades m\u00e9dicas del empleado o los miembros de su familia o para asistir a una conferencia, reuni\u00f3n, funci\u00f3n u otro evento relacionado con la escuela de los hijos del trabajador.<\/span><\/p>\n<p class=\"m_-8374604468767483540ydp83d179b6yiv7474504967aolmailydp8a2aa733msonospacing\"><span lang=\"ES-US\">El empleador que sea declarado culpable de violar la ley, puede ser multado o encarcelado.<\/span><\/p>\n<p class=\"m_-8374604468767483540ydp83d179b6yiv7474504967aolmailydp8a2aa733msonospacing\" style=\"text-align: right;\"><span style=\"color: #ff0000;\"><span lang=\"ES-US\">\u00a0Ram\u00f3n Mercedes<\/span><\/span><b><span lang=\"ES-US\"><br \/>\n<\/span><\/b><\/p>\n","protected":false},"excerpt":{"rendered":"<p>TRENTON, Nueva Jersey.- Dominicanos que laboran en instituciones privadas y p\u00fablicas en este estado, se sienten regocijados por la entrada en vigencia este lunes de una nueva ley que obliga a los empleadores a ofrecer pago (equivalente al pago normal del empleado) por d\u00edas de enfermedad. Asi lo hicieron saber Milt\u00f3n Echavarr\u00eda, Luis Parra, Andrea [&hellip;]<\/p>\n","protected":false},"author":1,"featured_media":0,"comment_status":"open","ping_status":"open","sticky":false,"template":"","format":"standard","meta":{"_bbp_topic_count":0,"_bbp_reply_count":0,"_bbp_total_topic_count":0,"_bbp_total_reply_count":0,"_bbp_voice_count":0,"_bbp_anonymous_reply_count":0,"_bbp_topic_count_hidden":0,"_bbp_reply_count_hidden":0,"_bbp_forum_subforum_count":0,"footnotes":""},"categories":[35,60],"tags":[],"class_list":{"0":"post-311532","1":"post","2":"type-post","3":"status-publish","4":"format-standard","6":"category-economia","7":"category-titulares-del-dia"},"_links":{"self":[{"href":"https:\/\/primermomento.com\/index.php?rest_route=\/wp\/v2\/posts\/311532","targetHints":{"allow":["GET"]}}],"collection":[{"href":"https:\/\/primermomento.com\/index.php?rest_route=\/wp\/v2\/posts"}],"about":[{"href":"https:\/\/primermomento.com\/index.php?rest_route=\/wp\/v2\/types\/post"}],"author":[{"embeddable":true,"href":"https:\/\/primermomento.com\/index.php?rest_route=\/wp\/v2\/users\/1"}],"replies":[{"embeddable":true,"href":"https:\/\/primermomento.com\/index.php?rest_route=%2Fwp%2Fv2%2Fcomments&post=311532"}],"version-history":[{"count":1,"href":"https:\/\/primermomento.com\/index.php?rest_route=\/wp\/v2\/posts\/311532\/revisions"}],"predecessor-version":[{"id":311534,"href":"https:\/\/primermomento.com\/index.php?rest_route=\/wp\/v2\/posts\/311532\/revisions\/311534"}],"wp:attachment":[{"href":"https:\/\/primermomento.com\/index.php?rest_route=%2Fwp%2Fv2%2Fmedia&parent=311532"}],"wp:term":[{"taxonomy":"category","embeddable":true,"href":"https:\/\/primermomento.com\/index.php?rest_route=%2Fwp%2Fv2%2Fcategories&post=311532"},{"taxonomy":"post_tag","embeddable":true,"href":"https:\/\/primermomento.com\/index.php?rest_route=%2Fwp%2Fv2%2Ftags&post=311532"}],"curies":[{"name":"wp","href":"https:\/\/api.w.org\/{rel}","templated":true}]}}