{"id":311596,"date":"2018-11-01T15:03:09","date_gmt":"2018-11-01T19:03:09","guid":{"rendered":"http:\/\/primermomento.com\/?p=311596"},"modified":"2018-11-01T15:03:09","modified_gmt":"2018-11-01T19:03:09","slug":"dominicanos-serian-afectados-si-eliminan-operadores-de-ascensores","status":"publish","type":"post","link":"https:\/\/primermomento.com\/?p=311596","title":{"rendered":"Dominicanos ser\u00edan afectados si eliminan operadores de ascensores"},"content":{"rendered":"<p class=\"m_-7100660686167153274ydpcaa725daMsoNoSpacing\"><span lang=\"ES-US\">\u00a0NUEVA YORK, Nueva York.- Cientos de dominicanos residentes en el Alto Manhattan se ver\u00e1n afectados debido a que la Autoridad Metropolitana del Transporte (MTA) eliminar\u00e1 el personal que opera los elevadores en varias estaciones del tren en los vecindarios de Washington Heights e Inwood.<\/span><\/p>\n<p class=\"m_-7100660686167153274ydpcaa725daMsoNoSpacing\"><span lang=\"ES-US\"><img loading=\"lazy\" decoding=\"async\" class=\"size-medium wp-image-311597 alignleft\" src=\"http:\/\/primermomento.com\/wp-content\/uploads\/2018\/11\/Dominicanos-NY-se-ver\u00e1n-afectados-al-eliminar-operadores-ascensores-subway-300x274.jpg\" alt=\"\" width=\"300\" height=\"274\" srcset=\"https:\/\/primermomento.com\/wp-content\/uploads\/2018\/11\/Dominicanos-NY-se-ver\u00e1n-afectados-al-eliminar-operadores-ascensores-subway-300x274.jpg 300w, https:\/\/primermomento.com\/wp-content\/uploads\/2018\/11\/Dominicanos-NY-se-ver\u00e1n-afectados-al-eliminar-operadores-ascensores-subway-500x456.jpg 500w, https:\/\/primermomento.com\/wp-content\/uploads\/2018\/11\/Dominicanos-NY-se-ver\u00e1n-afectados-al-eliminar-operadores-ascensores-subway-241x220.jpg 241w, https:\/\/primermomento.com\/wp-content\/uploads\/2018\/11\/Dominicanos-NY-se-ver\u00e1n-afectados-al-eliminar-operadores-ascensores-subway-638x582.jpg 638w, https:\/\/primermomento.com\/wp-content\/uploads\/2018\/11\/Dominicanos-NY-se-ver\u00e1n-afectados-al-eliminar-operadores-ascensores-subway-118x108.jpg 118w, https:\/\/primermomento.com\/wp-content\/uploads\/2018\/11\/Dominicanos-NY-se-ver\u00e1n-afectados-al-eliminar-operadores-ascensores-subway-479x437.jpg 479w, https:\/\/primermomento.com\/wp-content\/uploads\/2018\/11\/Dominicanos-NY-se-ver\u00e1n-afectados-al-eliminar-operadores-ascensores-subway.jpg 711w\" sizes=\"auto, (max-width: 300px) 100vw, 300px\" \/>La medida entrar\u00e1 en vigor a partir de enero del pr\u00f3ximo a\u00f1o y el sindicato de trabajadores se opone a ella.<\/span><\/p>\n<p class=\"m_-7100660686167153274ydpcaa725daMsoNoSpacing\"><span lang=\"ES-US\">Dichas estaciones ser\u00e1n las de las calles 168, 181 y 190 de la l\u00ednea A y tambi\u00e9n de la 181 y 190 de la l\u00ednea 1. Actualmente existen\u00a0249 elevadores en toda la red del metro neoyorkino.<\/span><\/p>\n<p class=\"m_-7100660686167153274ydpcaa725daMsoNoSpacing\"><span lang=\"ES-US\">Al a\u00f1o transitan por dichas paradas decenas de millones de clientes, los operadores generalmente est\u00e1n bastante ocupados y los usuarios expresan satisfacci\u00f3n ante la presencia de ellos.<\/span><\/p>\n<p class=\"m_-7100660686167153274ydpcaa725daMsoNoSpacing\"><span lang=\"ES-US\">\u00abMucha gente no sabe manejar el elevador cuando se monta, por eso es importante que tengan la informaci\u00f3n con ellos ah\u00ed adentro\u00bb, expresaron Juan de Dios Ruiz, Luis C\u00f3rdova, Leopoldo Contreras, Luisa de Rivera, y Antholyn C\u00e1ceres, entre otros.<\/span><\/p>\n<p style=\"text-align: right;\"><span style=\"color: #ff0000;\">Ram\u00f3n Mercedes<\/span><\/p>\n","protected":false},"excerpt":{"rendered":"<p>\u00a0NUEVA YORK, Nueva York.- Cientos de dominicanos residentes en el Alto Manhattan se ver\u00e1n afectados debido a que la Autoridad Metropolitana del Transporte (MTA) eliminar\u00e1 el personal que opera los elevadores en varias estaciones del tren en los vecindarios de Washington Heights e Inwood. La medida entrar\u00e1 en vigor a partir de enero del pr\u00f3ximo [&hellip;]<\/p>\n","protected":false},"author":1,"featured_media":0,"comment_status":"open","ping_status":"open","sticky":false,"template":"","format":"standard","meta":{"_bbp_topic_count":0,"_bbp_reply_count":0,"_bbp_total_topic_count":0,"_bbp_total_reply_count":0,"_bbp_voice_count":0,"_bbp_anonymous_reply_count":0,"_bbp_topic_count_hidden":0,"_bbp_reply_count_hidden":0,"_bbp_forum_subforum_count":0,"footnotes":""},"categories":[30,60],"tags":[],"class_list":{"0":"post-311596","1":"post","2":"type-post","3":"status-publish","4":"format-standard","6":"category-actualidad","7":"category-titulares-del-dia"},"_links":{"self":[{"href":"https:\/\/primermomento.com\/index.php?rest_route=\/wp\/v2\/posts\/311596","targetHints":{"allow":["GET"]}}],"collection":[{"href":"https:\/\/primermomento.com\/index.php?rest_route=\/wp\/v2\/posts"}],"about":[{"href":"https:\/\/primermomento.com\/index.php?rest_route=\/wp\/v2\/types\/post"}],"author":[{"embeddable":true,"href":"https:\/\/primermomento.com\/index.php?rest_route=\/wp\/v2\/users\/1"}],"replies":[{"embeddable":true,"href":"https:\/\/primermomento.com\/index.php?rest_route=%2Fwp%2Fv2%2Fcomments&post=311596"}],"version-history":[{"count":1,"href":"https:\/\/primermomento.com\/index.php?rest_route=\/wp\/v2\/posts\/311596\/revisions"}],"predecessor-version":[{"id":311598,"href":"https:\/\/primermomento.com\/index.php?rest_route=\/wp\/v2\/posts\/311596\/revisions\/311598"}],"wp:attachment":[{"href":"https:\/\/primermomento.com\/index.php?rest_route=%2Fwp%2Fv2%2Fmedia&parent=311596"}],"wp:term":[{"taxonomy":"category","embeddable":true,"href":"https:\/\/primermomento.com\/index.php?rest_route=%2Fwp%2Fv2%2Fcategories&post=311596"},{"taxonomy":"post_tag","embeddable":true,"href":"https:\/\/primermomento.com\/index.php?rest_route=%2Fwp%2Fv2%2Ftags&post=311596"}],"curies":[{"name":"wp","href":"https:\/\/api.w.org\/{rel}","templated":true}]}}