{"id":311637,"date":"2018-11-01T10:17:24","date_gmt":"2018-11-01T14:17:24","guid":{"rendered":"http:\/\/primermomento.com\/?p=311637"},"modified":"2018-11-01T20:19:30","modified_gmt":"2018-11-02T00:19:30","slug":"trump-anuncia-proximo-plan-para-modificar-las-reglas-de-asilo","status":"publish","type":"post","link":"https:\/\/primermomento.com\/?p=311637","title":{"rendered":"Trump anuncia pr\u00f3ximo plan para modificar las reglas de asilo"},"content":{"rendered":"<div class=\"fullNewsIntrotext\">WASHINGTON, Distrito de Columbia.- El presidente estadounidense, Donald Trump, anunci\u00f3 hoy un pr\u00f3ximo plan que obligar\u00e1 a los solicitantes de asilo a presentarse en los puertos de entrada, sobre el cual podr\u00eda emitir una orden ejecutiva la pr\u00f3xima semana.<\/div>\n<div><\/div>\n<div class=\"fullNewsFulltext\">\n<figure id=\"attachment_307443\" aria-describedby=\"caption-attachment-307443\" style=\"width: 300px\" class=\"wp-caption alignleft\"><img loading=\"lazy\" decoding=\"async\" class=\"size-medium wp-image-307443\" src=\"http:\/\/primermomento.com\/wp-content\/uploads\/2018\/06\/familias-inmigrantes-detenidas-300x169.jpg\" alt=\"\" width=\"300\" height=\"169\" srcset=\"https:\/\/primermomento.com\/wp-content\/uploads\/2018\/06\/familias-inmigrantes-detenidas-300x169.jpg 300w, https:\/\/primermomento.com\/wp-content\/uploads\/2018\/06\/familias-inmigrantes-detenidas-768x432.jpg 768w, https:\/\/primermomento.com\/wp-content\/uploads\/2018\/06\/familias-inmigrantes-detenidas-478x270.jpg 478w, https:\/\/primermomento.com\/wp-content\/uploads\/2018\/06\/familias-inmigrantes-detenidas-500x281.jpg 500w, https:\/\/primermomento.com\/wp-content\/uploads\/2018\/06\/familias-inmigrantes-detenidas-280x157.jpg 280w, https:\/\/primermomento.com\/wp-content\/uploads\/2018\/06\/familias-inmigrantes-detenidas-638x359.jpg 638w, https:\/\/primermomento.com\/wp-content\/uploads\/2018\/06\/familias-inmigrantes-detenidas-118x66.jpg 118w, https:\/\/primermomento.com\/wp-content\/uploads\/2018\/06\/familias-inmigrantes-detenidas-479x269.jpg 479w, https:\/\/primermomento.com\/wp-content\/uploads\/2018\/06\/familias-inmigrantes-detenidas.jpg 1023w\" sizes=\"auto, (max-width: 300px) 100vw, 300px\" \/><figcaption id=\"caption-attachment-307443\" class=\"wp-caption-text\">El hondure\u00f1o Ever Castillo (centro) y su familia, son escoltados de regreso a la frontera mexicana por agentes de Aduanas y de la Patrulla Fronteriza de EE.UU., en Hidalgo, Texas. Los agentes dijeron a la familia, que trataba de pedir asilo en EE.UU., que ser\u00eda separada de sus hijos y ellos voluntariamente se regresaron. Junio 21 de 2018.<\/figcaption><\/figure>\n<p>A pocos d\u00edas de las elecciones de medio t\u00e9rmino del 6 de noviembre, de cara a las cuales el mandatario republicano hizo de la inmigraci\u00f3n un tema central, manifest\u00f3 que con la nueva medida &#8216;los inmigrantes ilegales no tendr\u00e1 un pase libre a este pa\u00eds con el argumento de peticiones sin m\u00e9rito&#8217;.<\/p>\n<p>Tendr\u00e1n que presentarse legalmente en un puerto de entrada, los que elijan romper nuestras leyes y llegar ilegalmente no podr\u00e1n usar sus reclamos para ganar admisi\u00f3n autom\u00e1tica en nuestro pa\u00eds, expres\u00f3 ante medios de prensa en la Casa Blanca.<\/p>\n<p>De acuerdo con Trump, una de las principales lagunas de las normas de inmigraci\u00f3n del pa\u00eds son las solicitudes fraudulentas de asilo.<\/p>\n<p>El plan referido por el presidente cambiar\u00eda lo establecido en la Ley de Inmigraci\u00f3n y Nacionalidad de 1965, la cual manifiesta que cualquier inmigrante en Estados Unidos puede solicitar asilo sin importar si ingres\u00f3 a trav\u00e9s de un puerto de entrada legal o no.<\/p>\n<p>A decir del gobernante, todos los solicitantes que sean atrapados cruzando la frontera ser\u00e1n retenidos en tiendas de campa\u00f1a en lugar de ser liberados en espera de una audiencia.<\/p>\n<p>El jefe de Estado se pronunci\u00f3 de ese modo luego de decir que se pone fin a la pol\u00edtica conocida como &#8216;catch and release&#8217; (detener y liberar), la cual permite la liberaci\u00f3n de quienes entran ilegalmente a este pa\u00eds mientras aguardan por el correspondiente proceso judicial.<\/p>\n<p>No los liberaremos m\u00e1s, se quedar\u00e1n con nosotros hasta que la audiencia para la deportaci\u00f3n o el asilo tenga lugar, afirm\u00f3 Trump, quien dijo que tendr\u00e1n masivas ciudades de casas de campa\u00f1a para retener a esas personas.<\/p>\n<p>El presidente no ofreci\u00f3 ninguna justificaci\u00f3n legal para su plan, y descart\u00f3 las preguntas sobre la legalidad de algunos de los m\u00e9todos que sugiri\u00f3 que podr\u00edan emplearse, como detener a familias por tiempo indefinido.<\/p>\n<p>Seg\u00fan el diario The Washington Post, en una se\u00f1al de que la administraci\u00f3n se est\u00e1 moviendo para cumplir las \u00f3rdenes de Trump, el Departamento de Seguridad Nacional solicit\u00f3 al de Defensa que proporcione hasta ocho mil camas de detenci\u00f3n familiar en dos lugares.<\/p>\n<p>En otro momento el mandatario se\u00f1al\u00f3 que &#8216;largas caravanas organizadas de migrantes&#8217; se dirigen a este pa\u00eds, y se refiri\u00f3 a ese hecho como una invasi\u00f3n.<\/p>\n<p>Son gente dura en muchos casos, hombres fuertes y j\u00f3venes, que no queremos aqu\u00ed, rebasaron a la polic\u00eda mexicana e hirieron a soldados, no es un grupo inocente, apunt\u00f3 el gobernante, quien mantiene la estrategia de criminalizar la inmigraci\u00f3n.<\/p>\n<p>Al mismo tiempo, no descart\u00f3 la posibilidad de que las tropas que se dirigen a la frontera para impedir el paso de esos grupos a Estados Unidos disparen contra alguien en la caravana de migrantes si la persona les arroja piedras.<\/p><\/div>\n<div><\/div>\n<div style=\"text-align: right;\"><span style=\"color: #ff0000;\"><em>PL<\/em><\/span><\/div>\n","protected":false},"excerpt":{"rendered":"<p>WASHINGTON, Distrito de Columbia.- El presidente estadounidense, Donald Trump, anunci\u00f3 hoy un pr\u00f3ximo plan que obligar\u00e1 a los solicitantes de asilo a presentarse en los puertos de entrada, sobre el cual podr\u00eda emitir una orden ejecutiva la pr\u00f3xima semana. A pocos d\u00edas de las elecciones de medio t\u00e9rmino del 6 de noviembre, de cara a [&hellip;]<\/p>\n","protected":false},"author":1,"featured_media":0,"comment_status":"open","ping_status":"open","sticky":false,"template":"","format":"standard","meta":{"_bbp_topic_count":0,"_bbp_reply_count":0,"_bbp_total_topic_count":0,"_bbp_total_reply_count":0,"_bbp_voice_count":0,"_bbp_anonymous_reply_count":0,"_bbp_topic_count_hidden":0,"_bbp_reply_count_hidden":0,"_bbp_forum_subforum_count":0,"footnotes":""},"categories":[60,31],"tags":[],"class_list":{"0":"post-311637","1":"post","2":"type-post","3":"status-publish","4":"format-standard","6":"category-titulares-del-dia","7":"category-estados-unidos"},"_links":{"self":[{"href":"https:\/\/primermomento.com\/index.php?rest_route=\/wp\/v2\/posts\/311637","targetHints":{"allow":["GET"]}}],"collection":[{"href":"https:\/\/primermomento.com\/index.php?rest_route=\/wp\/v2\/posts"}],"about":[{"href":"https:\/\/primermomento.com\/index.php?rest_route=\/wp\/v2\/types\/post"}],"author":[{"embeddable":true,"href":"https:\/\/primermomento.com\/index.php?rest_route=\/wp\/v2\/users\/1"}],"replies":[{"embeddable":true,"href":"https:\/\/primermomento.com\/index.php?rest_route=%2Fwp%2Fv2%2Fcomments&post=311637"}],"version-history":[{"count":1,"href":"https:\/\/primermomento.com\/index.php?rest_route=\/wp\/v2\/posts\/311637\/revisions"}],"predecessor-version":[{"id":311638,"href":"https:\/\/primermomento.com\/index.php?rest_route=\/wp\/v2\/posts\/311637\/revisions\/311638"}],"wp:attachment":[{"href":"https:\/\/primermomento.com\/index.php?rest_route=%2Fwp%2Fv2%2Fmedia&parent=311637"}],"wp:term":[{"taxonomy":"category","embeddable":true,"href":"https:\/\/primermomento.com\/index.php?rest_route=%2Fwp%2Fv2%2Fcategories&post=311637"},{"taxonomy":"post_tag","embeddable":true,"href":"https:\/\/primermomento.com\/index.php?rest_route=%2Fwp%2Fv2%2Ftags&post=311637"}],"curies":[{"name":"wp","href":"https:\/\/api.w.org\/{rel}","templated":true}]}}