{"id":311642,"date":"2018-11-01T10:30:46","date_gmt":"2018-11-01T14:30:46","guid":{"rendered":"http:\/\/primermomento.com\/?p=311642"},"modified":"2018-11-01T20:25:27","modified_gmt":"2018-11-02T00:25:27","slug":"presidente-de-copppal-llama-a-desmontar-bloqueo-a-cuba","status":"publish","type":"post","link":"https:\/\/primermomento.com\/?p=311642","title":{"rendered":"Presidente de Copppal llama a desmontar bloqueo a Cuba"},"content":{"rendered":"<div class=\"fullNewsIntrotext\">SANTO DOMINGO, Rep\u00fablica Dominicana.- El presidente de la Conferencia Permanente de Partidos Pol\u00edticos de Am\u00e9rica Latina y el Caribe (Copppal), Manolo Pichardo, llam\u00f3 hoy a Estados Unidos a desmontar el insensato y abusivo bloqueo que mantiene contra Cuba.<\/div>\n<div><\/div>\n<div class=\"fullNewsFulltext\">\n<figure id=\"attachment_311643\" aria-describedby=\"caption-attachment-311643\" style=\"width: 300px\" class=\"wp-caption alignleft\"><img loading=\"lazy\" decoding=\"async\" class=\"size-medium wp-image-311643\" src=\"http:\/\/primermomento.com\/wp-content\/uploads\/2018\/11\/11COPPAL-300x200.jpg\" alt=\"\" width=\"300\" height=\"200\" srcset=\"https:\/\/primermomento.com\/wp-content\/uploads\/2018\/11\/11COPPAL-300x200.jpg 300w, https:\/\/primermomento.com\/wp-content\/uploads\/2018\/11\/11COPPAL-73x50.jpg 73w, https:\/\/primermomento.com\/wp-content\/uploads\/2018\/11\/11COPPAL-500x333.jpg 500w, https:\/\/primermomento.com\/wp-content\/uploads\/2018\/11\/11COPPAL-280x186.jpg 280w, https:\/\/primermomento.com\/wp-content\/uploads\/2018\/11\/11COPPAL-60x40.jpg 60w, https:\/\/primermomento.com\/wp-content\/uploads\/2018\/11\/11COPPAL-638x425.jpg 638w, https:\/\/primermomento.com\/wp-content\/uploads\/2018\/11\/11COPPAL-118x79.jpg 118w, https:\/\/primermomento.com\/wp-content\/uploads\/2018\/11\/11COPPAL-479x319.jpg 479w, https:\/\/primermomento.com\/wp-content\/uploads\/2018\/11\/11COPPAL.jpg 748w\" sizes=\"auto, (max-width: 300px) 100vw, 300px\" \/><figcaption id=\"caption-attachment-311643\" class=\"wp-caption-text\">Manolo Pichardo.<\/figcaption><\/figure>\n<p>En declaraciones a PL luego de conocerse el resultado de la votaci\u00f3n en la ONU a favor del levantamiento del cerco econ\u00f3mico, comercial y financiero impuesto por el Gobierno norteamericano, Pichardo manifest\u00f3: &#8216;ojal\u00e1 esa abrumadora votaci\u00f3n haga entender a Estados Unidos el rechazo casi absoluto del mundo a esta pol\u00edtica&#8217;.<\/p>\n<p>Asimismo, record\u00f3 que en la XXXVI reuni\u00f3n plenaria ordinaria de la Copppal, efectuada en Panam\u00e1 el pasado mes de octubre, ese ente regional reiter\u00f3 el compromiso asumido desde su fundaci\u00f3n en 1979 contra las sanciones a Cuba por entender constituyen un acto de injerencia con pretensiones de dominio.<\/p>\n<p>Desde 1992 el mundo a trav\u00e9s de las resoluciones de la ONU ha rechazado el bloqueo y el Gobierno norteamericano en su af\u00e1n por conservar una hegemon\u00eda perdida por la din\u00e1mica que impone la agenda global y la recomposici\u00f3n geopol\u00edtica, prefiere mantener una posici\u00f3n anacr\u00f3nica y desajustada a la realidad, agreg\u00f3 el pol\u00edtico.<\/p>\n<p>Por \u00faltimo, se\u00f1al\u00f3 que las medidas contra Cuba son acciones violentas que desconocen la libre determinaci\u00f3n de un pa\u00eds soberano, adem\u00e1s de servir de lastre al desarrollo, impactando en la calidad de vida de los ciudadanos.<\/p>\n<p>En la votaci\u00f3n de este jueves en la ONU el pa\u00eds caribe\u00f1o recibi\u00f3 el respaldo de 189 pa\u00edses, solo dos votaron en contra, Estados Unidos e Israel, y no hubo abstenciones.<\/p>\n<p>Diplom\u00e1ticos de varios pa\u00edses, hablaron a nombre de organizaciones globales y regionales o en su capacidad nacional, abogando por el cese del bloqueo y criticaron su impacto en el desarrollo socio-econ\u00f3mico cubano.<\/p>\n<p>El canciller cubano, Bruno Rodr\u00edguez, denunci\u00f3 durante su intervenci\u00f3n c\u00f3mo el Gobierno de Estados Unidos manipula y politiza vulgarmente el deseo universal de garantizar los derechos humanos a todas las personas y los Objetivos de Desarrollo Sostenible.<\/p>\n<\/div>\n<div><\/div>\n<div style=\"text-align: right;\"><span style=\"color: #ff0000;\"><span class=\"autor\">Edilberto F. M\u00e9ndez Amador<\/span>\/<em>PL<\/em><\/span><\/div>\n","protected":false},"excerpt":{"rendered":"<p>SANTO DOMINGO, Rep\u00fablica Dominicana.- El presidente de la Conferencia Permanente de Partidos Pol\u00edticos de Am\u00e9rica Latina y el Caribe (Copppal), Manolo Pichardo, llam\u00f3 hoy a Estados Unidos a desmontar el insensato y abusivo bloqueo que mantiene contra Cuba. En declaraciones a PL luego de conocerse el resultado de la votaci\u00f3n en la ONU a favor [&hellip;]<\/p>\n","protected":false},"author":1,"featured_media":0,"comment_status":"open","ping_status":"open","sticky":false,"template":"","format":"standard","meta":{"_bbp_topic_count":0,"_bbp_reply_count":0,"_bbp_total_topic_count":0,"_bbp_total_reply_count":0,"_bbp_voice_count":0,"_bbp_anonymous_reply_count":0,"_bbp_topic_count_hidden":0,"_bbp_reply_count_hidden":0,"_bbp_forum_subforum_count":0,"footnotes":""},"categories":[60,31],"tags":[],"class_list":{"0":"post-311642","1":"post","2":"type-post","3":"status-publish","4":"format-standard","6":"category-titulares-del-dia","7":"category-estados-unidos"},"_links":{"self":[{"href":"https:\/\/primermomento.com\/index.php?rest_route=\/wp\/v2\/posts\/311642","targetHints":{"allow":["GET"]}}],"collection":[{"href":"https:\/\/primermomento.com\/index.php?rest_route=\/wp\/v2\/posts"}],"about":[{"href":"https:\/\/primermomento.com\/index.php?rest_route=\/wp\/v2\/types\/post"}],"author":[{"embeddable":true,"href":"https:\/\/primermomento.com\/index.php?rest_route=\/wp\/v2\/users\/1"}],"replies":[{"embeddable":true,"href":"https:\/\/primermomento.com\/index.php?rest_route=%2Fwp%2Fv2%2Fcomments&post=311642"}],"version-history":[{"count":2,"href":"https:\/\/primermomento.com\/index.php?rest_route=\/wp\/v2\/posts\/311642\/revisions"}],"predecessor-version":[{"id":311645,"href":"https:\/\/primermomento.com\/index.php?rest_route=\/wp\/v2\/posts\/311642\/revisions\/311645"}],"wp:attachment":[{"href":"https:\/\/primermomento.com\/index.php?rest_route=%2Fwp%2Fv2%2Fmedia&parent=311642"}],"wp:term":[{"taxonomy":"category","embeddable":true,"href":"https:\/\/primermomento.com\/index.php?rest_route=%2Fwp%2Fv2%2Fcategories&post=311642"},{"taxonomy":"post_tag","embeddable":true,"href":"https:\/\/primermomento.com\/index.php?rest_route=%2Fwp%2Fv2%2Ftags&post=311642"}],"curies":[{"name":"wp","href":"https:\/\/api.w.org\/{rel}","templated":true}]}}