{"id":311669,"date":"2018-11-02T08:48:52","date_gmt":"2018-11-02T12:48:52","guid":{"rendered":"http:\/\/primermomento.com\/?p=311669"},"modified":"2018-11-02T11:50:56","modified_gmt":"2018-11-02T15:50:56","slug":"dominicana-incorporo-17-nuevas-rutas-aereas-a-sus-aeropuertos","status":"publish","type":"post","link":"https:\/\/primermomento.com\/?p=311669","title":{"rendered":"Dominicana incorpor\u00f3 17 nuevas rutas a\u00e9reas a sus aeropuertos"},"content":{"rendered":"<div class=\"fullNewsIntrotext\">SANTO DOMINGO, Rep\u00fablica Dominicana.- La directora general de la empresa Aeropuertos Dominicanos Siglo XXI (Aerodom), M\u00f3nika Infante, se\u00f1al\u00f3 hoy que en 2018 el pa\u00eds incorpor\u00f3 17 nuevas rutas a\u00e9reas a sus aeropuertos.<\/div>\n<div><\/div>\n<div class=\"fullNewsFulltext\"><img loading=\"lazy\" decoding=\"async\" class=\"size-medium wp-image-310475 alignleft\" src=\"http:\/\/primermomento.com\/wp-content\/uploads\/2018\/10\/dom-aeropuerto-aila-300x200.jpg\" alt=\"\" width=\"300\" height=\"200\" srcset=\"https:\/\/primermomento.com\/wp-content\/uploads\/2018\/10\/dom-aeropuerto-aila-300x200.jpg 300w, https:\/\/primermomento.com\/wp-content\/uploads\/2018\/10\/dom-aeropuerto-aila-73x50.jpg 73w, https:\/\/primermomento.com\/wp-content\/uploads\/2018\/10\/dom-aeropuerto-aila-500x333.jpg 500w, https:\/\/primermomento.com\/wp-content\/uploads\/2018\/10\/dom-aeropuerto-aila-280x186.jpg 280w, https:\/\/primermomento.com\/wp-content\/uploads\/2018\/10\/dom-aeropuerto-aila-60x40.jpg 60w, https:\/\/primermomento.com\/wp-content\/uploads\/2018\/10\/dom-aeropuerto-aila-638x425.jpg 638w, https:\/\/primermomento.com\/wp-content\/uploads\/2018\/10\/dom-aeropuerto-aila-118x79.jpg 118w, https:\/\/primermomento.com\/wp-content\/uploads\/2018\/10\/dom-aeropuerto-aila-479x319.jpg 479w, https:\/\/primermomento.com\/wp-content\/uploads\/2018\/10\/dom-aeropuerto-aila.jpg 748w\" sizes=\"auto, (max-width: 300px) 100vw, 300px\" \/>Seg\u00fan medios locales, Infante precis\u00f3 que desde el Aeropuerto Internacional de las Am\u00e9ricas Jos\u00e9 Francisco Pe\u00f1a, se sumaron vuelos a Curazao, San Mart\u00edn, y a Valencia, Venezuela.<\/p>\n<p>Asimismo, la aerol\u00ednea Jet Blue abri\u00f3 la ruta Santo Domingo-Newark, Estados Unidos, con vuelos diarios y Spirit inaugur\u00f3 servicios directos a las ciudades de Orlando y tambi\u00e9n Newark.<\/p>\n<p>Tambi\u00e9n desde el mencionado aeropuerto fue inaugurada una l\u00ednea para unir a la capital dominicana con Mosc\u00fa, Rusia, y a partir de diciembre Blue Panorama tendr\u00e1 un vuelo semanal a Mil\u00e1n, Italia.<\/p>\n<p>Por su parte, el Aeropuerto Internacional Gregorio Luper\u00f3n de la provincia de Puerto Plata no se qued\u00f3 atr\u00e1s e incorpor\u00f3 un vuelo directo a Pittsburgh, dos semanales a Bruselas, B\u00e9lgica, y pr\u00f3ximamente tendr\u00e1 una conexi\u00f3n con Varsovia, Polonia, para traer nuevos turistas europeos a este polo tur\u00edstico en crecimiento.<\/p>\n<p>Finalmente la directora de Aerodom destac\u00f3 que desde el Aeropuerto Internacional Joaqu\u00edn Balaguer, ubicado en La Isabela, provincia Santo Domingo, fueron abiertos vuelos a San Mart\u00edn, Curazao, Aruba y pr\u00f3ximamente a La Habana, Cuba. Y el aeropuerto de Saman\u00e1, estren\u00f3 vuelos a Espa\u00f1a y tambi\u00e9n a Rusia.<\/p>\n<p>En estos momentos la empresa aeroportuaria ejecuta un importante plan de modernizaci\u00f3n de sus terminales a\u00e9reas con una inversi\u00f3n superior a los mil 500 millones de pesos (30 millones de d\u00f3lares) para mejorar todo los sistemas.<\/p><\/div>\n<div><\/div>\n<div style=\"text-align: right;\"><span style=\"color: #ff0000;\"><em>PL<\/em><\/span><\/div>\n","protected":false},"excerpt":{"rendered":"<p>SANTO DOMINGO, Rep\u00fablica Dominicana.- La directora general de la empresa Aeropuertos Dominicanos Siglo XXI (Aerodom), M\u00f3nika Infante, se\u00f1al\u00f3 hoy que en 2018 el pa\u00eds incorpor\u00f3 17 nuevas rutas a\u00e9reas a sus aeropuertos. Seg\u00fan medios locales, Infante precis\u00f3 que desde el Aeropuerto Internacional de las Am\u00e9ricas Jos\u00e9 Francisco Pe\u00f1a, se sumaron vuelos a Curazao, San Mart\u00edn, [&hellip;]<\/p>\n","protected":false},"author":1,"featured_media":0,"comment_status":"open","ping_status":"open","sticky":false,"template":"","format":"standard","meta":{"_bbp_topic_count":0,"_bbp_reply_count":0,"_bbp_total_topic_count":0,"_bbp_total_reply_count":0,"_bbp_voice_count":0,"_bbp_anonymous_reply_count":0,"_bbp_topic_count_hidden":0,"_bbp_reply_count_hidden":0,"_bbp_forum_subforum_count":0,"footnotes":""},"categories":[35,60],"tags":[],"class_list":{"0":"post-311669","1":"post","2":"type-post","3":"status-publish","4":"format-standard","6":"category-economia","7":"category-titulares-del-dia"},"_links":{"self":[{"href":"https:\/\/primermomento.com\/index.php?rest_route=\/wp\/v2\/posts\/311669","targetHints":{"allow":["GET"]}}],"collection":[{"href":"https:\/\/primermomento.com\/index.php?rest_route=\/wp\/v2\/posts"}],"about":[{"href":"https:\/\/primermomento.com\/index.php?rest_route=\/wp\/v2\/types\/post"}],"author":[{"embeddable":true,"href":"https:\/\/primermomento.com\/index.php?rest_route=\/wp\/v2\/users\/1"}],"replies":[{"embeddable":true,"href":"https:\/\/primermomento.com\/index.php?rest_route=%2Fwp%2Fv2%2Fcomments&post=311669"}],"version-history":[{"count":1,"href":"https:\/\/primermomento.com\/index.php?rest_route=\/wp\/v2\/posts\/311669\/revisions"}],"predecessor-version":[{"id":311670,"href":"https:\/\/primermomento.com\/index.php?rest_route=\/wp\/v2\/posts\/311669\/revisions\/311670"}],"wp:attachment":[{"href":"https:\/\/primermomento.com\/index.php?rest_route=%2Fwp%2Fv2%2Fmedia&parent=311669"}],"wp:term":[{"taxonomy":"category","embeddable":true,"href":"https:\/\/primermomento.com\/index.php?rest_route=%2Fwp%2Fv2%2Fcategories&post=311669"},{"taxonomy":"post_tag","embeddable":true,"href":"https:\/\/primermomento.com\/index.php?rest_route=%2Fwp%2Fv2%2Ftags&post=311669"}],"curies":[{"name":"wp","href":"https:\/\/api.w.org\/{rel}","templated":true}]}}