{"id":311859,"date":"2018-11-08T08:11:10","date_gmt":"2018-11-08T12:11:10","guid":{"rendered":"http:\/\/primermomento.com\/?p=311859"},"modified":"2018-11-08T16:12:49","modified_gmt":"2018-11-08T20:12:49","slug":"vuelven-a-bajar-pedidos-de-subsidio-por-desempleo-en-eeuu","status":"publish","type":"post","link":"https:\/\/primermomento.com\/?p=311859","title":{"rendered":"Vuelven a bajar pedidos de subsidio por desempleo en EEUU"},"content":{"rendered":"<div class=\"fullNewsIntrotext\">WASHINGTON, Distrito de Columbia.- Las solicitudes de subsidio por desempleo en Estados Unidos descendieron la semana pasada en mil con respecto a la cifra revisada al alza del per\u00edodo precedente, cuando tambi\u00e9n cayeron, inform\u00f3 hoy el Departamento de Trabajo.<\/div>\n<div><\/div>\n<div class=\"fullNewsFulltext\"><img loading=\"lazy\" decoding=\"async\" class=\"size-medium wp-image-286872 alignleft\" src=\"http:\/\/primermomento.com\/wp-content\/uploads\/2017\/02\/desempleo1-300x168.jpg\" alt=\"\" width=\"300\" height=\"168\" \/>Hasta el pasado 3 de noviembre, puntualiz\u00f3 el reporte oficial, se registraron 214 mil pedidos, n\u00famero superior al pron\u00f3stico de los especialistas en el tema.<\/p>\n<p>Ahora, las semanas consecutivas cuyos totales de demandas no superan la barrera de 300 mil ascienden a 192, lo cual es considerado una buena se\u00f1al del mercado laboral.<\/p>\n<p>Por otra parte, el n\u00famero de personas que recibe el subsidio permanente debido a la carencia de trabajo disminuy\u00f3 en ocho mil, y se mantuvo los siete d\u00edas concluidos el 27 de octubre por debajo de los dos millones (1,623).<\/p>\n<p>El \u00edndice de desempleo en Estados Unidos concluy\u00f3 octubre, cuando surgieron 250 mil nuevos puestos laborales no agr\u00edcolas, en 3,7 por ciento, el mismo registro del mes anterior.<\/p><\/div>\n<div><\/div>\n<div style=\"text-align: right;\"><span style=\"color: #ff0000;\"><em>PL<\/em><\/span><\/div>\n","protected":false},"excerpt":{"rendered":"<p>WASHINGTON, Distrito de Columbia.- Las solicitudes de subsidio por desempleo en Estados Unidos descendieron la semana pasada en mil con respecto a la cifra revisada al alza del per\u00edodo precedente, cuando tambi\u00e9n cayeron, inform\u00f3 hoy el Departamento de Trabajo. Hasta el pasado 3 de noviembre, puntualiz\u00f3 el reporte oficial, se registraron 214 mil pedidos, n\u00famero [&hellip;]<\/p>\n","protected":false},"author":1,"featured_media":0,"comment_status":"open","ping_status":"open","sticky":false,"template":"","format":"standard","meta":{"_bbp_topic_count":0,"_bbp_reply_count":0,"_bbp_total_topic_count":0,"_bbp_total_reply_count":0,"_bbp_voice_count":0,"_bbp_anonymous_reply_count":0,"_bbp_topic_count_hidden":0,"_bbp_reply_count_hidden":0,"_bbp_forum_subforum_count":0,"footnotes":""},"categories":[35,60],"tags":[],"class_list":{"0":"post-311859","1":"post","2":"type-post","3":"status-publish","4":"format-standard","6":"category-economia","7":"category-titulares-del-dia"},"_links":{"self":[{"href":"https:\/\/primermomento.com\/index.php?rest_route=\/wp\/v2\/posts\/311859","targetHints":{"allow":["GET"]}}],"collection":[{"href":"https:\/\/primermomento.com\/index.php?rest_route=\/wp\/v2\/posts"}],"about":[{"href":"https:\/\/primermomento.com\/index.php?rest_route=\/wp\/v2\/types\/post"}],"author":[{"embeddable":true,"href":"https:\/\/primermomento.com\/index.php?rest_route=\/wp\/v2\/users\/1"}],"replies":[{"embeddable":true,"href":"https:\/\/primermomento.com\/index.php?rest_route=%2Fwp%2Fv2%2Fcomments&post=311859"}],"version-history":[{"count":1,"href":"https:\/\/primermomento.com\/index.php?rest_route=\/wp\/v2\/posts\/311859\/revisions"}],"predecessor-version":[{"id":311860,"href":"https:\/\/primermomento.com\/index.php?rest_route=\/wp\/v2\/posts\/311859\/revisions\/311860"}],"wp:attachment":[{"href":"https:\/\/primermomento.com\/index.php?rest_route=%2Fwp%2Fv2%2Fmedia&parent=311859"}],"wp:term":[{"taxonomy":"category","embeddable":true,"href":"https:\/\/primermomento.com\/index.php?rest_route=%2Fwp%2Fv2%2Fcategories&post=311859"},{"taxonomy":"post_tag","embeddable":true,"href":"https:\/\/primermomento.com\/index.php?rest_route=%2Fwp%2Fv2%2Ftags&post=311859"}],"curies":[{"name":"wp","href":"https:\/\/api.w.org\/{rel}","templated":true}]}}