{"id":312012,"date":"2018-11-14T07:31:22","date_gmt":"2018-11-14T11:31:22","guid":{"rendered":"http:\/\/primermomento.com\/?p=312012"},"modified":"2018-11-14T07:31:22","modified_gmt":"2018-11-14T11:31:22","slug":"ministro-de-economia-se-reunio-con-mision-del-fmi","status":"publish","type":"post","link":"https:\/\/primermomento.com\/?p=312012","title":{"rendered":"Ministro de Econom\u00eda se reuni\u00f3 con misi\u00f3n del FMI"},"content":{"rendered":"<div class=\"fullNewsIntrotext\">SANTO DOMINGO, Rep\u00fablica Dominicana.- El ministro de Econom\u00eda, Isidoro Santana, se reuni\u00f3 con la misi\u00f3n del Fondo Monetario Internacional (FMI) que visita Dominicana para dar seguimiento al estado econ\u00f3mico de la naci\u00f3n.<\/div>\n<div><\/div>\n<div class=\"fullNewsFulltext\">\n<figure id=\"attachment_296489\" aria-describedby=\"caption-attachment-296489\" style=\"width: 300px\" class=\"wp-caption alignleft\"><img loading=\"lazy\" decoding=\"async\" class=\"size-medium wp-image-296489\" src=\"http:\/\/primermomento.com\/wp-content\/uploads\/2017\/11\/Isidoro-Santana-300x199.jpg\" alt=\"\" width=\"300\" height=\"199\" srcset=\"https:\/\/primermomento.com\/wp-content\/uploads\/2017\/11\/Isidoro-Santana-300x199.jpg 300w, https:\/\/primermomento.com\/wp-content\/uploads\/2017\/11\/Isidoro-Santana-500x332.jpg 500w, https:\/\/primermomento.com\/wp-content\/uploads\/2017\/11\/Isidoro-Santana-280x186.jpg 280w, https:\/\/primermomento.com\/wp-content\/uploads\/2017\/11\/Isidoro-Santana-60x40.jpg 60w, https:\/\/primermomento.com\/wp-content\/uploads\/2017\/11\/Isidoro-Santana-638x424.jpg 638w, https:\/\/primermomento.com\/wp-content\/uploads\/2017\/11\/Isidoro-Santana-118x78.jpg 118w, https:\/\/primermomento.com\/wp-content\/uploads\/2017\/11\/Isidoro-Santana-479x318.jpg 479w, https:\/\/primermomento.com\/wp-content\/uploads\/2017\/11\/Isidoro-Santana-153x100.jpg 153w, https:\/\/primermomento.com\/wp-content\/uploads\/2017\/11\/Isidoro-Santana.jpg 640w\" sizes=\"auto, (max-width: 300px) 100vw, 300px\" \/><figcaption id=\"caption-attachment-296489\" class=\"wp-caption-text\">Isidoro Santana.<\/figcaption><\/figure>\n<p>De acuerdo con una nota de prensa de la cartera, las partes conversaron tambi\u00e9n sobre temas sociales vinculados al sistema de seguridad social y al mercado laboral, as\u00ed como a la inversi\u00f3n en infraestructuras.<\/p>\n<p>Durante el encuentro Santana destac\u00f3 c\u00f3mo la cartera de Econom\u00eda jugar\u00e1 un rol importante en los an\u00e1lisis de costos beneficios antes de llevar a cabo las licitaciones para las inversiones y resalt\u00f3 que con el impulso econ\u00f3mico de esta naci\u00f3n se pueden lograr avances significativos.<\/p>\n<p>Asimismo se\u00f1al\u00f3 que el ritmo de creaci\u00f3n de empleos en el pa\u00eds es creciente y tambi\u00e9n existe un incremento salarial real.<\/p>\n<p>La informaci\u00f3n precisa que la agenda de la visita incluye reuniones con distintas instituciones del Gobierno y del sector privado.<\/p><\/div>\n<div><\/div>\n<div style=\"text-align: right;\"><span style=\"color: #ff0000;\"><em>PL<\/em><\/span><\/div>\n","protected":false},"excerpt":{"rendered":"<p>SANTO DOMINGO, Rep\u00fablica Dominicana.- El ministro de Econom\u00eda, Isidoro Santana, se reuni\u00f3 con la misi\u00f3n del Fondo Monetario Internacional (FMI) que visita Dominicana para dar seguimiento al estado econ\u00f3mico de la naci\u00f3n. De acuerdo con una nota de prensa de la cartera, las partes conversaron tambi\u00e9n sobre temas sociales vinculados al sistema de seguridad social [&hellip;]<\/p>\n","protected":false},"author":1,"featured_media":0,"comment_status":"open","ping_status":"open","sticky":false,"template":"","format":"standard","meta":{"_bbp_topic_count":0,"_bbp_reply_count":0,"_bbp_total_topic_count":0,"_bbp_total_reply_count":0,"_bbp_voice_count":0,"_bbp_anonymous_reply_count":0,"_bbp_topic_count_hidden":0,"_bbp_reply_count_hidden":0,"_bbp_forum_subforum_count":0,"footnotes":""},"categories":[35,60],"tags":[],"class_list":{"0":"post-312012","1":"post","2":"type-post","3":"status-publish","4":"format-standard","6":"category-economia","7":"category-titulares-del-dia"},"_links":{"self":[{"href":"https:\/\/primermomento.com\/index.php?rest_route=\/wp\/v2\/posts\/312012","targetHints":{"allow":["GET"]}}],"collection":[{"href":"https:\/\/primermomento.com\/index.php?rest_route=\/wp\/v2\/posts"}],"about":[{"href":"https:\/\/primermomento.com\/index.php?rest_route=\/wp\/v2\/types\/post"}],"author":[{"embeddable":true,"href":"https:\/\/primermomento.com\/index.php?rest_route=\/wp\/v2\/users\/1"}],"replies":[{"embeddable":true,"href":"https:\/\/primermomento.com\/index.php?rest_route=%2Fwp%2Fv2%2Fcomments&post=312012"}],"version-history":[{"count":1,"href":"https:\/\/primermomento.com\/index.php?rest_route=\/wp\/v2\/posts\/312012\/revisions"}],"predecessor-version":[{"id":312013,"href":"https:\/\/primermomento.com\/index.php?rest_route=\/wp\/v2\/posts\/312012\/revisions\/312013"}],"wp:attachment":[{"href":"https:\/\/primermomento.com\/index.php?rest_route=%2Fwp%2Fv2%2Fmedia&parent=312012"}],"wp:term":[{"taxonomy":"category","embeddable":true,"href":"https:\/\/primermomento.com\/index.php?rest_route=%2Fwp%2Fv2%2Fcategories&post=312012"},{"taxonomy":"post_tag","embeddable":true,"href":"https:\/\/primermomento.com\/index.php?rest_route=%2Fwp%2Fv2%2Ftags&post=312012"}],"curies":[{"name":"wp","href":"https:\/\/api.w.org\/{rel}","templated":true}]}}