{"id":312196,"date":"2018-11-19T11:35:59","date_gmt":"2018-11-19T15:35:59","guid":{"rendered":"http:\/\/primermomento.com\/?p=312196"},"modified":"2018-11-19T16:37:27","modified_gmt":"2018-11-19T20:37:27","slug":"reactivado-el-exodo-de-puertorriquenos-en-medio-de-crisis-fiscal","status":"publish","type":"post","link":"https:\/\/primermomento.com\/?p=312196","title":{"rendered":"Reactivado el \u00e9xodo de puertorrique\u00f1os en medio de crisis fiscal"},"content":{"rendered":"<div class=\"fullNewsIntrotext\">SAN JUAN, Puerto Rico.- El \u00e9xodo de puertorrique\u00f1os, particularmente hacia Estados Unidos, refleja hoy un incremento despu\u00e9s del retorno de m\u00e1s de 83 mil personas en el primer trimestre de 2018, tras la devastaci\u00f3n provocada por el hurac\u00e1n Mar\u00eda.<\/div>\n<div><\/div>\n<div class=\"fullNewsFulltext\"><img loading=\"lazy\" decoding=\"async\" class=\"size-medium wp-image-312197 alignright\" src=\"http:\/\/primermomento.com\/wp-content\/uploads\/2018\/11\/G.Pasajeros-esperando-300x200.jpg\" alt=\"\" width=\"300\" height=\"200\" srcset=\"https:\/\/primermomento.com\/wp-content\/uploads\/2018\/11\/G.Pasajeros-esperando-300x200.jpg 300w, https:\/\/primermomento.com\/wp-content\/uploads\/2018\/11\/G.Pasajeros-esperando-73x50.jpg 73w, https:\/\/primermomento.com\/wp-content\/uploads\/2018\/11\/G.Pasajeros-esperando-500x333.jpg 500w, https:\/\/primermomento.com\/wp-content\/uploads\/2018\/11\/G.Pasajeros-esperando-280x186.jpg 280w, https:\/\/primermomento.com\/wp-content\/uploads\/2018\/11\/G.Pasajeros-esperando-60x40.jpg 60w, https:\/\/primermomento.com\/wp-content\/uploads\/2018\/11\/G.Pasajeros-esperando-638x425.jpg 638w, https:\/\/primermomento.com\/wp-content\/uploads\/2018\/11\/G.Pasajeros-esperando-118x79.jpg 118w, https:\/\/primermomento.com\/wp-content\/uploads\/2018\/11\/G.Pasajeros-esperando-479x319.jpg 479w, https:\/\/primermomento.com\/wp-content\/uploads\/2018\/11\/G.Pasajeros-esperando.jpg 748w\" sizes=\"auto, (max-width: 300px) 100vw, 300px\" \/>Esa cifra representa el 40 por ciento de los que se exiliaron, despu\u00e9s de los huracanes Irma y Mar\u00eda, que asolaron a Puerto Rico.<\/p>\n<p>Luego que ambos meteoros golpearan en forma sucesiva en septiembre de 2017, unas 211 mil 695 personas abandonaron el pa\u00eds ante la falta de electricidad, agua potable y servicios m\u00e9dicos, entre otras necesidades b\u00e1sicas.<\/p>\n<p>De acuerdo con datos del Negociado de Estad\u00edsticas de Transporte de Estados Unidos, divulgados por el diario nacional El Nuevo D\u00eda, en octubre de 2017 dejaron el pa\u00eds 95 mil 892 ciudadanos.<\/p>\n<p>Datos del movimiento de pasajeros a trav\u00e9s de los tres principales aeropuertos de esta isla del Caribe, bajo dominio colonial de Estados Unidos desde hace 120 a\u00f1os, sugieren que entr\u00f3 en su etapa final el retorno de los puertorrique\u00f1os que se refugiaron en Estados Unidos.<\/p>\n<p>La p\u00e9rdida de calidad de vida, acompa\u00f1ada de la ineficiencia de los servicios p\u00fabicos debido a la pol\u00edtica neoliberal vigente, ha ocasionado que nuevamente los puertorrique\u00f1os traten de buscar refugio en otros pa\u00edses, particularmente en Estados Unidos, cuya ciudadan\u00eda les fue impuesta en 1917 para reclutarlos para las fuerzas armadas de Estados Unidos durante la Primera Guerra Mundial.<\/p>\n<p>De abril a julio de 2018, seis mil 910 puertorrique\u00f1os se marcharon por los aeropuertos de Carolina, principal del pa\u00eds, Aguadilla (noroeste) y Ponce (sur).<\/p>\n<p>A tenor con la Encuesta de la Comunidad del Negociado del Censo, aunque el movimiento neto de pasajeros no es una forma de medici\u00f3n directa de migraci\u00f3n, es uno de los principales indicadores, por lo que desde 2010, alrededor de 431 mil 942 personas se marcharon de Puerto Rico, de las cuales 68 mil 278 se fueron entre los veranos de 2016 y 2017, seg\u00fan datos divulgados por el diario.<\/p>\n<p>Ante la bancarrota de Puerto Rico, la p\u00e9rdida de seguridad y la ca\u00edda en la calidad de la educaci\u00f3n, adem\u00e1s de los altos costes de la formaci\u00f3n universitaria anticipan un descenso en la poblaci\u00f3n.<\/p>\n<p>De hecho, la Junta de Supervisi\u00f3n Fiscal impuesta por Estados Unidos para controlar las finanzas del gobierno puertorrique\u00f1o, ante su bancarrota fiscal con una deuda p\u00fablica de 73 mil millones de d\u00f3lares, calcula que para 2023 la poblaci\u00f3n caer\u00e1 por debajo de los tres millones de habitantes, de los 3,5 millones actuales.<\/p><\/div>\n<div><\/div>\n<div style=\"text-align: right;\"><span style=\"color: #ff0000;\"><em>PL<\/em><\/span><\/div>\n","protected":false},"excerpt":{"rendered":"<p>SAN JUAN, Puerto Rico.- El \u00e9xodo de puertorrique\u00f1os, particularmente hacia Estados Unidos, refleja hoy un incremento despu\u00e9s del retorno de m\u00e1s de 83 mil personas en el primer trimestre de 2018, tras la devastaci\u00f3n provocada por el hurac\u00e1n Mar\u00eda. Esa cifra representa el 40 por ciento de los que se exiliaron, despu\u00e9s de los huracanes [&hellip;]<\/p>\n","protected":false},"author":1,"featured_media":0,"comment_status":"open","ping_status":"open","sticky":false,"template":"","format":"standard","meta":{"_bbp_topic_count":0,"_bbp_reply_count":0,"_bbp_total_topic_count":0,"_bbp_total_reply_count":0,"_bbp_voice_count":0,"_bbp_anonymous_reply_count":0,"_bbp_topic_count_hidden":0,"_bbp_reply_count_hidden":0,"_bbp_forum_subforum_count":0,"footnotes":""},"categories":[35,60],"tags":[],"class_list":{"0":"post-312196","1":"post","2":"type-post","3":"status-publish","4":"format-standard","6":"category-economia","7":"category-titulares-del-dia"},"_links":{"self":[{"href":"https:\/\/primermomento.com\/index.php?rest_route=\/wp\/v2\/posts\/312196","targetHints":{"allow":["GET"]}}],"collection":[{"href":"https:\/\/primermomento.com\/index.php?rest_route=\/wp\/v2\/posts"}],"about":[{"href":"https:\/\/primermomento.com\/index.php?rest_route=\/wp\/v2\/types\/post"}],"author":[{"embeddable":true,"href":"https:\/\/primermomento.com\/index.php?rest_route=\/wp\/v2\/users\/1"}],"replies":[{"embeddable":true,"href":"https:\/\/primermomento.com\/index.php?rest_route=%2Fwp%2Fv2%2Fcomments&post=312196"}],"version-history":[{"count":1,"href":"https:\/\/primermomento.com\/index.php?rest_route=\/wp\/v2\/posts\/312196\/revisions"}],"predecessor-version":[{"id":312198,"href":"https:\/\/primermomento.com\/index.php?rest_route=\/wp\/v2\/posts\/312196\/revisions\/312198"}],"wp:attachment":[{"href":"https:\/\/primermomento.com\/index.php?rest_route=%2Fwp%2Fv2%2Fmedia&parent=312196"}],"wp:term":[{"taxonomy":"category","embeddable":true,"href":"https:\/\/primermomento.com\/index.php?rest_route=%2Fwp%2Fv2%2Fcategories&post=312196"},{"taxonomy":"post_tag","embeddable":true,"href":"https:\/\/primermomento.com\/index.php?rest_route=%2Fwp%2Fv2%2Ftags&post=312196"}],"curies":[{"name":"wp","href":"https:\/\/api.w.org\/{rel}","templated":true}]}}