{"id":312322,"date":"2018-11-22T15:44:12","date_gmt":"2018-11-22T19:44:12","guid":{"rendered":"http:\/\/primermomento.com\/?p=312322"},"modified":"2018-11-22T15:44:12","modified_gmt":"2018-11-22T19:44:12","slug":"presidente-medina-coloca-primera-piedra-de-hotel-en-punta-cana","status":"publish","type":"post","link":"https:\/\/primermomento.com\/?p=312322","title":{"rendered":"Presidente Medina coloca primera piedra de hotel en Punta Cana"},"content":{"rendered":"<div class=\"fullNewsIntrotext\">PUNTA CANA, Rep\u00fablica Dominicana.- El presidente dominicano, Danilo Medina, coloc\u00f3 hoy la primera piedra de un nuevo hotel que se construir\u00e1 en Punta Cana, provincia La Altagracia, a un costo estimado de 500 millones de d\u00f3lares.<\/div>\n<div><\/div>\n<div class=\"fullNewsFulltext\"><img loading=\"lazy\" decoding=\"async\" class=\"size-medium wp-image-312323 alignleft\" src=\"http:\/\/primermomento.com\/wp-content\/uploads\/2018\/11\/Danilo-Medina-y-punta-cana-300x200.jpg\" alt=\"\" width=\"300\" height=\"200\" srcset=\"https:\/\/primermomento.com\/wp-content\/uploads\/2018\/11\/Danilo-Medina-y-punta-cana-300x200.jpg 300w, https:\/\/primermomento.com\/wp-content\/uploads\/2018\/11\/Danilo-Medina-y-punta-cana-73x50.jpg 73w, https:\/\/primermomento.com\/wp-content\/uploads\/2018\/11\/Danilo-Medina-y-punta-cana-500x333.jpg 500w, https:\/\/primermomento.com\/wp-content\/uploads\/2018\/11\/Danilo-Medina-y-punta-cana-280x186.jpg 280w, https:\/\/primermomento.com\/wp-content\/uploads\/2018\/11\/Danilo-Medina-y-punta-cana-60x40.jpg 60w, https:\/\/primermomento.com\/wp-content\/uploads\/2018\/11\/Danilo-Medina-y-punta-cana-638x425.jpg 638w, https:\/\/primermomento.com\/wp-content\/uploads\/2018\/11\/Danilo-Medina-y-punta-cana-118x79.jpg 118w, https:\/\/primermomento.com\/wp-content\/uploads\/2018\/11\/Danilo-Medina-y-punta-cana-479x319.jpg 479w, https:\/\/primermomento.com\/wp-content\/uploads\/2018\/11\/Danilo-Medina-y-punta-cana.jpg 748w\" sizes=\"auto, (max-width: 300px) 100vw, 300px\" \/>El hotel, llamado Moon Palace Punta Cana, contar\u00e1 con dos mil habitaciones distribuidas en tres edificios y seg\u00fan el grupo Palace Resort, ser\u00e1 concluido en 2021.<\/p>\n<p>Junto al jefe de Estado se encontraba en el acto de inicio de la instalaci\u00f3n tur\u00edstica, el presidente del mencionado grupo mexicano, Jose Chapur.<\/p>\n<p>El proyecto es rechazado por los hoteleros dominicanos al estar negados estos a la construcci\u00f3n de torres en ese destino tur\u00edstico caracterizado por una baja densidad de instalaciones y edificaciones de poca altura.<\/p>\n<p>Hace apenas unos d\u00edas, la Asociaci\u00f3n Nacional de Hoteles y Turismo de la Rep\u00fablica Dominicana y la Asociaci\u00f3n de Hoteles y Proyectos Tur\u00edsticos de la Zona Este, pidieron al Tribunal Superior Administrativo declarar la nulidad de la resoluci\u00f3n del Ministerio de Turismo en la que introduce cambios en el modelo de desarrollo en ese polo del pa\u00eds.<\/p><\/div>\n<div><\/div>\n<div style=\"text-align: right;\"><span style=\"color: #ff0000;\"><em>PL<\/em><\/span><\/div>\n","protected":false},"excerpt":{"rendered":"<p>PUNTA CANA, Rep\u00fablica Dominicana.- El presidente dominicano, Danilo Medina, coloc\u00f3 hoy la primera piedra de un nuevo hotel que se construir\u00e1 en Punta Cana, provincia La Altagracia, a un costo estimado de 500 millones de d\u00f3lares. El hotel, llamado Moon Palace Punta Cana, contar\u00e1 con dos mil habitaciones distribuidas en tres edificios y seg\u00fan el [&hellip;]<\/p>\n","protected":false},"author":1,"featured_media":0,"comment_status":"open","ping_status":"open","sticky":false,"template":"","format":"standard","meta":{"_bbp_topic_count":0,"_bbp_reply_count":0,"_bbp_total_topic_count":0,"_bbp_total_reply_count":0,"_bbp_voice_count":0,"_bbp_anonymous_reply_count":0,"_bbp_topic_count_hidden":0,"_bbp_reply_count_hidden":0,"_bbp_forum_subforum_count":0,"footnotes":""},"categories":[35,60],"tags":[],"class_list":{"0":"post-312322","1":"post","2":"type-post","3":"status-publish","4":"format-standard","6":"category-economia","7":"category-titulares-del-dia"},"_links":{"self":[{"href":"https:\/\/primermomento.com\/index.php?rest_route=\/wp\/v2\/posts\/312322","targetHints":{"allow":["GET"]}}],"collection":[{"href":"https:\/\/primermomento.com\/index.php?rest_route=\/wp\/v2\/posts"}],"about":[{"href":"https:\/\/primermomento.com\/index.php?rest_route=\/wp\/v2\/types\/post"}],"author":[{"embeddable":true,"href":"https:\/\/primermomento.com\/index.php?rest_route=\/wp\/v2\/users\/1"}],"replies":[{"embeddable":true,"href":"https:\/\/primermomento.com\/index.php?rest_route=%2Fwp%2Fv2%2Fcomments&post=312322"}],"version-history":[{"count":1,"href":"https:\/\/primermomento.com\/index.php?rest_route=\/wp\/v2\/posts\/312322\/revisions"}],"predecessor-version":[{"id":312324,"href":"https:\/\/primermomento.com\/index.php?rest_route=\/wp\/v2\/posts\/312322\/revisions\/312324"}],"wp:attachment":[{"href":"https:\/\/primermomento.com\/index.php?rest_route=%2Fwp%2Fv2%2Fmedia&parent=312322"}],"wp:term":[{"taxonomy":"category","embeddable":true,"href":"https:\/\/primermomento.com\/index.php?rest_route=%2Fwp%2Fv2%2Fcategories&post=312322"},{"taxonomy":"post_tag","embeddable":true,"href":"https:\/\/primermomento.com\/index.php?rest_route=%2Fwp%2Fv2%2Ftags&post=312322"}],"curies":[{"name":"wp","href":"https:\/\/api.w.org\/{rel}","templated":true}]}}