{"id":312341,"date":"2018-11-23T11:36:21","date_gmt":"2018-11-23T15:36:21","guid":{"rendered":"http:\/\/primermomento.com\/?p=312341"},"modified":"2018-11-23T11:36:21","modified_gmt":"2018-11-23T15:36:21","slug":"arranca-fin-de-semana-mas-importante-para-el-comercio-en-eeuu","status":"publish","type":"post","link":"https:\/\/primermomento.com\/?p=312341","title":{"rendered":"Arranca fin de semana m\u00e1s importante para el comercio en EEUU"},"content":{"rendered":"<p>NUEVA YORK, Nueva York.- Ni las bajas temperaturas que han roto r\u00e9cord en m\u00e1s de un siglo en Nueva York han impedido que millones de personas visiten comercios y realicen compras en <em>Black Friday <\/em>o Viernes Negro, en el fin de semana m\u00e1s importante para el comercio en Estados Unidos.<\/p>\n<figure id=\"attachment_312342\" aria-describedby=\"caption-attachment-312342\" style=\"width: 300px\" class=\"wp-caption alignleft\"><img loading=\"lazy\" decoding=\"async\" class=\"size-medium wp-image-312342\" src=\"http:\/\/primermomento.com\/wp-content\/uploads\/2018\/11\/ventas-viernes-negro-300x169.jpg\" alt=\"\" width=\"300\" height=\"169\" srcset=\"https:\/\/primermomento.com\/wp-content\/uploads\/2018\/11\/ventas-viernes-negro-300x169.jpg 300w, https:\/\/primermomento.com\/wp-content\/uploads\/2018\/11\/ventas-viernes-negro-768x432.jpg 768w, https:\/\/primermomento.com\/wp-content\/uploads\/2018\/11\/ventas-viernes-negro-478x270.jpg 478w, https:\/\/primermomento.com\/wp-content\/uploads\/2018\/11\/ventas-viernes-negro-500x281.jpg 500w, https:\/\/primermomento.com\/wp-content\/uploads\/2018\/11\/ventas-viernes-negro-280x157.jpg 280w, https:\/\/primermomento.com\/wp-content\/uploads\/2018\/11\/ventas-viernes-negro-638x359.jpg 638w, https:\/\/primermomento.com\/wp-content\/uploads\/2018\/11\/ventas-viernes-negro-118x66.jpg 118w, https:\/\/primermomento.com\/wp-content\/uploads\/2018\/11\/ventas-viernes-negro-479x269.jpg 479w, https:\/\/primermomento.com\/wp-content\/uploads\/2018\/11\/ventas-viernes-negro.jpg 1023w\" sizes=\"auto, (max-width: 300px) 100vw, 300px\" \/><figcaption id=\"caption-attachment-312342\" class=\"wp-caption-text\">Se espera que las ventas superen los 23.000 millones de d\u00f3lares este fin de semana de Black Friday, a partir del viernes 23 de noviembre de 2018.<\/figcaption><\/figure>\n<p>La Federaci\u00f3n Nacional de Minoristas de Estados Unidos cree que 164 millones de estadounidenses saldr\u00e1n este fin de semana a comprar.<\/p>\n<p>Se espera que las ventas superen los 23.000 millones de d\u00f3lares este fin de semana, despu\u00e9s que comercios alistaron sus tiendas en todo el pa\u00eds para este fin de semana que sigue al festivo del D\u00eda de Acci\u00f3n de Gracias o <em>Thanksgiving<\/em>.<\/p>\n<p>Pero los que visiten Nueva York, por ejemplo, deber\u00e1n abrigarse seg\u00fan el pron\u00f3stico previsto por el Servicio Nacional de Meteorolog\u00eda, que advirit\u00f3 sobre temperaturas de entre -3,9 y -6,7 grados Celsius (por debajo de 20 grados Fahrenheit), la m\u00e1s fr\u00eda en est\u00e1 \u00e9poca desde 1901, cuando los term\u00f3metros no superaron los -3,33 Celsius (26 Fahrenheit).<\/p>\n<p style=\"text-align: right;\"><span style=\"color: #ff0000;\"><em>VOANEWS<\/em><\/span><\/p>\n","protected":false},"excerpt":{"rendered":"<p>NUEVA YORK, Nueva York.- Ni las bajas temperaturas que han roto r\u00e9cord en m\u00e1s de un siglo en Nueva York han impedido que millones de personas visiten comercios y realicen compras en Black Friday o Viernes Negro, en el fin de semana m\u00e1s importante para el comercio en Estados Unidos. La Federaci\u00f3n Nacional de Minoristas [&hellip;]<\/p>\n","protected":false},"author":1,"featured_media":0,"comment_status":"open","ping_status":"open","sticky":false,"template":"","format":"standard","meta":{"_bbp_topic_count":0,"_bbp_reply_count":0,"_bbp_total_topic_count":0,"_bbp_total_reply_count":0,"_bbp_voice_count":0,"_bbp_anonymous_reply_count":0,"_bbp_topic_count_hidden":0,"_bbp_reply_count_hidden":0,"_bbp_forum_subforum_count":0,"footnotes":""},"categories":[35,60],"tags":[],"class_list":{"0":"post-312341","1":"post","2":"type-post","3":"status-publish","4":"format-standard","6":"category-economia","7":"category-titulares-del-dia"},"_links":{"self":[{"href":"https:\/\/primermomento.com\/index.php?rest_route=\/wp\/v2\/posts\/312341","targetHints":{"allow":["GET"]}}],"collection":[{"href":"https:\/\/primermomento.com\/index.php?rest_route=\/wp\/v2\/posts"}],"about":[{"href":"https:\/\/primermomento.com\/index.php?rest_route=\/wp\/v2\/types\/post"}],"author":[{"embeddable":true,"href":"https:\/\/primermomento.com\/index.php?rest_route=\/wp\/v2\/users\/1"}],"replies":[{"embeddable":true,"href":"https:\/\/primermomento.com\/index.php?rest_route=%2Fwp%2Fv2%2Fcomments&post=312341"}],"version-history":[{"count":1,"href":"https:\/\/primermomento.com\/index.php?rest_route=\/wp\/v2\/posts\/312341\/revisions"}],"predecessor-version":[{"id":312343,"href":"https:\/\/primermomento.com\/index.php?rest_route=\/wp\/v2\/posts\/312341\/revisions\/312343"}],"wp:attachment":[{"href":"https:\/\/primermomento.com\/index.php?rest_route=%2Fwp%2Fv2%2Fmedia&parent=312341"}],"wp:term":[{"taxonomy":"category","embeddable":true,"href":"https:\/\/primermomento.com\/index.php?rest_route=%2Fwp%2Fv2%2Fcategories&post=312341"},{"taxonomy":"post_tag","embeddable":true,"href":"https:\/\/primermomento.com\/index.php?rest_route=%2Fwp%2Fv2%2Ftags&post=312341"}],"curies":[{"name":"wp","href":"https:\/\/api.w.org\/{rel}","templated":true}]}}