{"id":312402,"date":"2018-11-25T06:39:48","date_gmt":"2018-11-25T10:39:48","guid":{"rendered":"http:\/\/primermomento.com\/?p=312402"},"modified":"2018-11-25T10:41:39","modified_gmt":"2018-11-25T14:41:39","slug":"reportan-ventas-multimillonarias-en-viernes-negro-en-eeuu","status":"publish","type":"post","link":"https:\/\/primermomento.com\/?p=312402","title":{"rendered":"Reportan ventas multimillonarias en Viernes Negro en EEUU"},"content":{"rendered":"<div class=\"fullNewsIntrotext\">WASHINGTON, Distrito de Columbia.- Las ventas en el llamado viernes negro en Estados Unidos ascendieron a seis mil 200 millones de d\u00f3lares, seg\u00fan datos de la firma Adobe Digital Insights, citados por reportes de prensa.<\/div>\n<div><\/div>\n<div class=\"fullNewsFulltext\"><img loading=\"lazy\" decoding=\"async\" class=\"size-medium wp-image-312403 alignleft\" src=\"http:\/\/primermomento.com\/wp-content\/uploads\/2018\/11\/Viernes-Negro-300x200.jpg\" alt=\"\" width=\"300\" height=\"200\" srcset=\"https:\/\/primermomento.com\/wp-content\/uploads\/2018\/11\/Viernes-Negro-300x200.jpg 300w, https:\/\/primermomento.com\/wp-content\/uploads\/2018\/11\/Viernes-Negro-73x50.jpg 73w, https:\/\/primermomento.com\/wp-content\/uploads\/2018\/11\/Viernes-Negro-500x333.jpg 500w, https:\/\/primermomento.com\/wp-content\/uploads\/2018\/11\/Viernes-Negro-280x186.jpg 280w, https:\/\/primermomento.com\/wp-content\/uploads\/2018\/11\/Viernes-Negro-60x40.jpg 60w, https:\/\/primermomento.com\/wp-content\/uploads\/2018\/11\/Viernes-Negro-638x425.jpg 638w, https:\/\/primermomento.com\/wp-content\/uploads\/2018\/11\/Viernes-Negro-118x79.jpg 118w, https:\/\/primermomento.com\/wp-content\/uploads\/2018\/11\/Viernes-Negro-479x319.jpg 479w, https:\/\/primermomento.com\/wp-content\/uploads\/2018\/11\/Viernes-Negro.jpg 748w\" sizes=\"auto, (max-width: 300px) 100vw, 300px\" \/>Durante la jornada, que sigue al D\u00eda de Acci\u00f3n de Gracias el cual se celebra cada cuarto jueves de noviembre, los clientes aprovechan las rebajas para realizar compras a prop\u00f3sito de la Navidad.<\/p>\n<p>Seg\u00fan la fuente, la referida cifra super\u00f3 los pron\u00f3sticos iniciales de cinco mil 900 millones de d\u00f3lares en la comercializaci\u00f3n, principalmente de art\u00edculos tecnol\u00f3gicos.<\/p>\n<p>Adobe Digital Insights analiza los datos en l\u00ednea de 80 de las 100 principales cadenas minoristas estadounidenses.<\/p>\n<p>El pr\u00f3ximo d\u00eda de grandes ventas ser\u00e1 pasado ma\u00f1ana, conocido como el Ciberlunes, cuando se esperan los mayores gastos con un promedio de 170 d\u00f3lares por persona, adelant\u00f3 la consultora Deloitte.<\/p><\/div>\n<div><\/div>\n<div style=\"text-align: right;\"><span style=\"color: #ff0000;\"><em>PL<\/em><\/span><\/div>\n","protected":false},"excerpt":{"rendered":"<p>WASHINGTON, Distrito de Columbia.- Las ventas en el llamado viernes negro en Estados Unidos ascendieron a seis mil 200 millones de d\u00f3lares, seg\u00fan datos de la firma Adobe Digital Insights, citados por reportes de prensa. Durante la jornada, que sigue al D\u00eda de Acci\u00f3n de Gracias el cual se celebra cada cuarto jueves de noviembre, [&hellip;]<\/p>\n","protected":false},"author":1,"featured_media":0,"comment_status":"open","ping_status":"open","sticky":false,"template":"","format":"standard","meta":{"_bbp_topic_count":0,"_bbp_reply_count":0,"_bbp_total_topic_count":0,"_bbp_total_reply_count":0,"_bbp_voice_count":0,"_bbp_anonymous_reply_count":0,"_bbp_topic_count_hidden":0,"_bbp_reply_count_hidden":0,"_bbp_forum_subforum_count":0,"footnotes":""},"categories":[35,60],"tags":[],"class_list":{"0":"post-312402","1":"post","2":"type-post","3":"status-publish","4":"format-standard","6":"category-economia","7":"category-titulares-del-dia"},"_links":{"self":[{"href":"https:\/\/primermomento.com\/index.php?rest_route=\/wp\/v2\/posts\/312402","targetHints":{"allow":["GET"]}}],"collection":[{"href":"https:\/\/primermomento.com\/index.php?rest_route=\/wp\/v2\/posts"}],"about":[{"href":"https:\/\/primermomento.com\/index.php?rest_route=\/wp\/v2\/types\/post"}],"author":[{"embeddable":true,"href":"https:\/\/primermomento.com\/index.php?rest_route=\/wp\/v2\/users\/1"}],"replies":[{"embeddable":true,"href":"https:\/\/primermomento.com\/index.php?rest_route=%2Fwp%2Fv2%2Fcomments&post=312402"}],"version-history":[{"count":1,"href":"https:\/\/primermomento.com\/index.php?rest_route=\/wp\/v2\/posts\/312402\/revisions"}],"predecessor-version":[{"id":312404,"href":"https:\/\/primermomento.com\/index.php?rest_route=\/wp\/v2\/posts\/312402\/revisions\/312404"}],"wp:attachment":[{"href":"https:\/\/primermomento.com\/index.php?rest_route=%2Fwp%2Fv2%2Fmedia&parent=312402"}],"wp:term":[{"taxonomy":"category","embeddable":true,"href":"https:\/\/primermomento.com\/index.php?rest_route=%2Fwp%2Fv2%2Fcategories&post=312402"},{"taxonomy":"post_tag","embeddable":true,"href":"https:\/\/primermomento.com\/index.php?rest_route=%2Fwp%2Fv2%2Ftags&post=312402"}],"curies":[{"name":"wp","href":"https:\/\/api.w.org\/{rel}","templated":true}]}}