{"id":312461,"date":"2018-11-26T16:38:31","date_gmt":"2018-11-26T20:38:31","guid":{"rendered":"http:\/\/primermomento.com\/?p=312461"},"modified":"2018-11-26T17:06:27","modified_gmt":"2018-11-26T21:06:27","slug":"compania-general-motors-cerrara-siete-fabricas-por-ahorro","status":"publish","type":"post","link":"https:\/\/primermomento.com\/?p=312461","title":{"rendered":"Compa\u00f1\u00eda General Motors cerrar\u00e1 siete f\u00e1bricas por ahorro"},"content":{"rendered":"<div class=\"fullNewsIntrotext\">DETROIT, Michigan.- La compa\u00f1\u00eda estadounidense productora de autom\u00f3viles General Motors anunci\u00f3 hoy el cierre de siete f\u00e1bricas, incluida una en Canad\u00e1 y otras dos en pa\u00edses sin identificar, como parte de un plan de reestructuraci\u00f3n.<\/div>\n<div><\/div>\n<div class=\"fullNewsFulltext\"><img loading=\"lazy\" decoding=\"async\" class=\"size-medium wp-image-312463 alignleft\" src=\"http:\/\/primermomento.com\/wp-content\/uploads\/2018\/11\/general-motors-1-300x193.jpg\" alt=\"\" width=\"300\" height=\"193\" srcset=\"https:\/\/primermomento.com\/wp-content\/uploads\/2018\/11\/general-motors-1-300x193.jpg 300w, https:\/\/primermomento.com\/wp-content\/uploads\/2018\/11\/general-motors-1.jpg 500w, https:\/\/primermomento.com\/wp-content\/uploads\/2018\/11\/general-motors-1-280x180.jpg 280w, https:\/\/primermomento.com\/wp-content\/uploads\/2018\/11\/general-motors-1-60x40.jpg 60w, https:\/\/primermomento.com\/wp-content\/uploads\/2018\/11\/general-motors-1-118x76.jpg 118w, https:\/\/primermomento.com\/wp-content\/uploads\/2018\/11\/general-motors-1-479x308.jpg 479w\" sizes=\"auto, (max-width: 300px) 100vw, 300px\" \/>En Estados Unidos, las instalaciones afectadas se localizan en Detroit-Hamtramck y Warren, Michigan; Lordstown, Ohio; y Baltimore, Maryland; y la de Canad\u00e1 se encuentra en Oshawa, Ontario.<\/p>\n<p>Reportes de prensa divulgaron que esas cinco plantas cuentan con unos 14 mil 500 empleados.<\/p>\n<p>Aunque el comunicado de General Motors no precis\u00f3 el n\u00famero de trabajadores que quedar\u00e1n sin sus puestos, explic\u00f3 que se realizan acciones para reducir la plantilla en un 15 por ciento.<\/p>\n<p>Esta medida, que permitir\u00e1 el ahorro de unos seis mil millones de d\u00f3lares, seg\u00fan alegaron los directivos, se integra a un proceso de transformaci\u00f3n con vista al porvenir y de reorganizaci\u00f3n del personal para alinear la capacidad de fabricaci\u00f3n, apunt\u00f3 el texto.<\/p>\n<p>Las decisiones que estamos tomando hoy contin\u00faan nuestros cambios para ser muy \u00e1giles y rentables, y nos dan la flexibilidad para invertir en el futuro, subray\u00f3 la presidenta y consejera delegada de la entidad, Mary Barra. Reconocemos la necesidad de mantenernos por delante de las condiciones cambiantes del mercado y las preferencias de los consumidores con el fin de que nuestra compa\u00f1\u00eda est\u00e9 en posici\u00f3n de conseguir el \u00e9xito a largo plazo, agreg\u00f3.<\/p><\/div>\n<div><\/div>\n<div style=\"text-align: right;\"><span style=\"color: #ff0000;\"><em>PL<\/em><\/span><\/div>\n","protected":false},"excerpt":{"rendered":"<p>DETROIT, Michigan.- La compa\u00f1\u00eda estadounidense productora de autom\u00f3viles General Motors anunci\u00f3 hoy el cierre de siete f\u00e1bricas, incluida una en Canad\u00e1 y otras dos en pa\u00edses sin identificar, como parte de un plan de reestructuraci\u00f3n. En Estados Unidos, las instalaciones afectadas se localizan en Detroit-Hamtramck y Warren, Michigan; Lordstown, Ohio; y Baltimore, Maryland; y la [&hellip;]<\/p>\n","protected":false},"author":1,"featured_media":0,"comment_status":"open","ping_status":"open","sticky":false,"template":"","format":"standard","meta":{"_bbp_topic_count":0,"_bbp_reply_count":0,"_bbp_total_topic_count":0,"_bbp_total_reply_count":0,"_bbp_voice_count":0,"_bbp_anonymous_reply_count":0,"_bbp_topic_count_hidden":0,"_bbp_reply_count_hidden":0,"_bbp_forum_subforum_count":0,"footnotes":""},"categories":[35,60],"tags":[],"class_list":{"0":"post-312461","1":"post","2":"type-post","3":"status-publish","4":"format-standard","6":"category-economia","7":"category-titulares-del-dia"},"_links":{"self":[{"href":"https:\/\/primermomento.com\/index.php?rest_route=\/wp\/v2\/posts\/312461","targetHints":{"allow":["GET"]}}],"collection":[{"href":"https:\/\/primermomento.com\/index.php?rest_route=\/wp\/v2\/posts"}],"about":[{"href":"https:\/\/primermomento.com\/index.php?rest_route=\/wp\/v2\/types\/post"}],"author":[{"embeddable":true,"href":"https:\/\/primermomento.com\/index.php?rest_route=\/wp\/v2\/users\/1"}],"replies":[{"embeddable":true,"href":"https:\/\/primermomento.com\/index.php?rest_route=%2Fwp%2Fv2%2Fcomments&post=312461"}],"version-history":[{"count":1,"href":"https:\/\/primermomento.com\/index.php?rest_route=\/wp\/v2\/posts\/312461\/revisions"}],"predecessor-version":[{"id":312464,"href":"https:\/\/primermomento.com\/index.php?rest_route=\/wp\/v2\/posts\/312461\/revisions\/312464"}],"wp:attachment":[{"href":"https:\/\/primermomento.com\/index.php?rest_route=%2Fwp%2Fv2%2Fmedia&parent=312461"}],"wp:term":[{"taxonomy":"category","embeddable":true,"href":"https:\/\/primermomento.com\/index.php?rest_route=%2Fwp%2Fv2%2Fcategories&post=312461"},{"taxonomy":"post_tag","embeddable":true,"href":"https:\/\/primermomento.com\/index.php?rest_route=%2Fwp%2Fv2%2Ftags&post=312461"}],"curies":[{"name":"wp","href":"https:\/\/api.w.org\/{rel}","templated":true}]}}