{"id":312608,"date":"2018-11-30T09:35:58","date_gmt":"2018-11-30T13:35:58","guid":{"rendered":"http:\/\/primermomento.com\/?p=312608"},"modified":"2018-11-30T14:17:31","modified_gmt":"2018-11-30T18:17:31","slug":"miles-neoyorkinos-pagan-mas-de-la-mitad-de-sus-ingresos-en-renta","status":"publish","type":"post","link":"https:\/\/primermomento.com\/?p=312608","title":{"rendered":"Miles neoyorkinos pagan m\u00e1s de la mitad de sus ingresos en renta"},"content":{"rendered":"<p class=\"m_-7177340204742764731ydpbeeb0d56yiv5537000816ydpe0b8cbd9yiv7766063812ydpc968dd0amsonospacing\"><span lang=\"ES-US\">NUEVA YORK, Nueva York.- El Contralor de esta ciudad,\u00a0Scott M. Stringer, en su reciente reporte \u201cNY para todos, la vivienda que necesitamos\u201d sostiene que de los 540 mil hogares que el informe se\u00f1ala, el 68 % de ellos paga m\u00e1s de la mitad de sus ingresos en alquiler de vivienda ya que ganan menos de US$28,170 al a\u00f1o y el 20 % gana menos de $46,950.<\/span><\/p>\n<p class=\"m_-7177340204742764731ydpbeeb0d56yiv5537000816ydpe0b8cbd9yiv7766063812ydpc968dd0amsonospacing\"><span lang=\"ES-US\"><img loading=\"lazy\" decoding=\"async\" class=\"size-medium wp-image-312609 alignleft\" src=\"http:\/\/primermomento.com\/wp-content\/uploads\/2018\/11\/renta-ny-300x215.jpg\" alt=\"\" width=\"300\" height=\"215\" srcset=\"https:\/\/primermomento.com\/wp-content\/uploads\/2018\/11\/renta-ny-300x215.jpg 300w, https:\/\/primermomento.com\/wp-content\/uploads\/2018\/11\/renta-ny-768x550.jpg 768w, https:\/\/primermomento.com\/wp-content\/uploads\/2018\/11\/renta-ny-1024x733.jpg 1024w, https:\/\/primermomento.com\/wp-content\/uploads\/2018\/11\/renta-ny-500x358.jpg 500w, https:\/\/primermomento.com\/wp-content\/uploads\/2018\/11\/renta-ny-280x200.jpg 280w, https:\/\/primermomento.com\/wp-content\/uploads\/2018\/11\/renta-ny-638x457.jpg 638w, https:\/\/primermomento.com\/wp-content\/uploads\/2018\/11\/renta-ny-118x84.jpg 118w, https:\/\/primermomento.com\/wp-content\/uploads\/2018\/11\/renta-ny-479x343.jpg 479w, https:\/\/primermomento.com\/wp-content\/uploads\/2018\/11\/renta-ny.jpg 1200w\" sizes=\"auto, (max-width: 300px) 100vw, 300px\" \/>Este reportero ha sido testigo de que miles de dominicanos en la Gran Manzana, en los \u00faltimos a\u00f1os, viven manifestando eso mismo \u201cque lo que ganan tienen que pagar m\u00e1s de la mitad en alquiler, principalmente los que residen en el Alto Manhattan y El Bronx.<\/span><\/p>\n<p class=\"m_-7177340204742764731ydpbeeb0d56yiv5537000816ydpe0b8cbd9yiv7766063812ydpc968dd0amsonospacing\"><span lang=\"ES-US\">Para el Contralor, los resultados del reporte son\u00a0\u201cextremadamente preocupantes\u201d,\u00a0debido en parte a que, por un lado, la ciudad ha experimentado un crecimiento econ\u00f3mico en la \u00faltima d\u00e9cada que ha creado un aumento excesivo en el costo de las rentas, y por el otro, las familias trabajadores siguen ganando lo mismo que en a\u00f1os anteriores.<\/span><\/p>\n<p class=\"m_-7177340204742764731ydpbeeb0d56yiv5537000816ydpe0b8cbd9yiv7766063812ydpc968dd0amsonospacing\"><span lang=\"ES-US\">Pero, seg\u00fan la Alcald\u00eda, casi el 60 % de las viviendas construidas este a\u00f1o beneficiar\u00e1n a neoyorquinos que ganan menos de $47,000 al a\u00f1o.\u00a0El plan exige que se reserve un 5 % de las 300,000 unidades para personas sin hogar.<\/span><\/p>\n<p class=\"m_-7177340204742764731ydpbeeb0d56yiv5537000816ydpe0b8cbd9yiv7766063812ydpc968dd0amsonospacing\"><span lang=\"ES-US\">Hasta el momento, la Alcald\u00eda indic\u00f3 que el plan ha financiado 109,767 viviendas asequibles desde su inicio en 2014.\u00a0En el \u00faltim<\/span><span lang=\"ES-US\">o a\u00f1o fiscal, la administraci\u00f3n financi\u00f3 32,116 viviendas asequibles.<\/span><\/p>\n<p style=\"text-align: right;\"><span style=\"color: #ff0000;\">Ram\u00f3n Mercedes<\/span><\/p>\n","protected":false},"excerpt":{"rendered":"<p>NUEVA YORK, Nueva York.- El Contralor de esta ciudad,\u00a0Scott M. Stringer, en su reciente reporte \u201cNY para todos, la vivienda que necesitamos\u201d sostiene que de los 540 mil hogares que el informe se\u00f1ala, el 68 % de ellos paga m\u00e1s de la mitad de sus ingresos en alquiler de vivienda ya que ganan menos de [&hellip;]<\/p>\n","protected":false},"author":1,"featured_media":0,"comment_status":"open","ping_status":"open","sticky":false,"template":"","format":"standard","meta":{"_bbp_topic_count":0,"_bbp_reply_count":0,"_bbp_total_topic_count":0,"_bbp_total_reply_count":0,"_bbp_voice_count":0,"_bbp_anonymous_reply_count":0,"_bbp_topic_count_hidden":0,"_bbp_reply_count_hidden":0,"_bbp_forum_subforum_count":0,"footnotes":""},"categories":[35,60],"tags":[],"class_list":{"0":"post-312608","1":"post","2":"type-post","3":"status-publish","4":"format-standard","6":"category-economia","7":"category-titulares-del-dia"},"_links":{"self":[{"href":"https:\/\/primermomento.com\/index.php?rest_route=\/wp\/v2\/posts\/312608","targetHints":{"allow":["GET"]}}],"collection":[{"href":"https:\/\/primermomento.com\/index.php?rest_route=\/wp\/v2\/posts"}],"about":[{"href":"https:\/\/primermomento.com\/index.php?rest_route=\/wp\/v2\/types\/post"}],"author":[{"embeddable":true,"href":"https:\/\/primermomento.com\/index.php?rest_route=\/wp\/v2\/users\/1"}],"replies":[{"embeddable":true,"href":"https:\/\/primermomento.com\/index.php?rest_route=%2Fwp%2Fv2%2Fcomments&post=312608"}],"version-history":[{"count":1,"href":"https:\/\/primermomento.com\/index.php?rest_route=\/wp\/v2\/posts\/312608\/revisions"}],"predecessor-version":[{"id":312610,"href":"https:\/\/primermomento.com\/index.php?rest_route=\/wp\/v2\/posts\/312608\/revisions\/312610"}],"wp:attachment":[{"href":"https:\/\/primermomento.com\/index.php?rest_route=%2Fwp%2Fv2%2Fmedia&parent=312608"}],"wp:term":[{"taxonomy":"category","embeddable":true,"href":"https:\/\/primermomento.com\/index.php?rest_route=%2Fwp%2Fv2%2Fcategories&post=312608"},{"taxonomy":"post_tag","embeddable":true,"href":"https:\/\/primermomento.com\/index.php?rest_route=%2Fwp%2Fv2%2Ftags&post=312608"}],"curies":[{"name":"wp","href":"https:\/\/api.w.org\/{rel}","templated":true}]}}