{"id":312626,"date":"2018-11-30T09:32:25","date_gmt":"2018-11-30T13:32:25","guid":{"rendered":"http:\/\/primermomento.com\/?p=312626"},"modified":"2018-11-30T10:34:37","modified_gmt":"2018-11-30T14:34:37","slug":"debaten-en-el-pais-sobre-proteccion-social","status":"publish","type":"post","link":"https:\/\/primermomento.com\/?p=312626","title":{"rendered":"Debaten en el pa\u00eds sobre Protecci\u00f3n Social"},"content":{"rendered":"<div class=\"fullNewsIntrotext\">SANTO DOMINGO, Rep\u00fablica Dominicana.- Expertos dominicanos y de organismos internacionales, debaten hoy aqu\u00ed sobre Protecci\u00f3n Social, en un Foro Internacional sobre el tema organizado por la Vicepresidencia de la Rep\u00fablica.<\/div>\n<div><\/div>\n<div class=\"fullNewsFulltext\"><img loading=\"lazy\" decoding=\"async\" class=\"size-medium wp-image-312627 alignleft\" src=\"http:\/\/primermomento.com\/wp-content\/uploads\/2018\/11\/dom-proteccion-social-300x200.jpg\" alt=\"\" width=\"300\" height=\"200\" srcset=\"https:\/\/primermomento.com\/wp-content\/uploads\/2018\/11\/dom-proteccion-social-300x200.jpg 300w, https:\/\/primermomento.com\/wp-content\/uploads\/2018\/11\/dom-proteccion-social-73x50.jpg 73w, https:\/\/primermomento.com\/wp-content\/uploads\/2018\/11\/dom-proteccion-social-500x333.jpg 500w, https:\/\/primermomento.com\/wp-content\/uploads\/2018\/11\/dom-proteccion-social-280x186.jpg 280w, https:\/\/primermomento.com\/wp-content\/uploads\/2018\/11\/dom-proteccion-social-60x40.jpg 60w, https:\/\/primermomento.com\/wp-content\/uploads\/2018\/11\/dom-proteccion-social-638x425.jpg 638w, https:\/\/primermomento.com\/wp-content\/uploads\/2018\/11\/dom-proteccion-social-118x79.jpg 118w, https:\/\/primermomento.com\/wp-content\/uploads\/2018\/11\/dom-proteccion-social-479x319.jpg 479w, https:\/\/primermomento.com\/wp-content\/uploads\/2018\/11\/dom-proteccion-social.jpg 748w\" sizes=\"auto, (max-width: 300px) 100vw, 300px\" \/>Seg\u00fan los organizadores, el evento tiene como objetivos identificar d\u00f3nde se ubica el sistema dominicano de Protecci\u00f3n Social y c\u00f3mo se consolida en un ciclo de m\u00e1s de una d\u00e9cada.<\/p>\n<p>Adem\u00e1s, capitalizar los logros de este sistema para entrar a una nueva etapa donde la articulaci\u00f3n con la inclusi\u00f3n productiva es fundamental para la construcci\u00f3n de un puente a la inclusi\u00f3n social con equidad.<\/p>\n<p>En el Foro se ver\u00e1n temas como Hacia d\u00f3nde va la protecci\u00f3n social en pa\u00edses de ingresos medios ante un mercado laboral cambiante, y Cu\u00e1les han sido las grandes tendencias regionales en materia de protecci\u00f3n social, pobreza y desigualdad, entre otros.<\/p>\n<p>Participan en el encuentro el gerente para Am\u00e9rica Latina y el Caribe de Protecci\u00f3n Social y Trabajo del Banco Mundial, Pablo Gottret; el economista de la Divisi\u00f3n de Desarrollo Social de la Cepal, Simone Cecchini, y el representante residente del Banco, Alessandro Legrottaglie.<\/p><\/div>\n<div><\/div>\n<div style=\"text-align: right;\"><span style=\"color: #ff0000;\"><em>PL<\/em><\/span><\/div>\n","protected":false},"excerpt":{"rendered":"<p>SANTO DOMINGO, Rep\u00fablica Dominicana.- Expertos dominicanos y de organismos internacionales, debaten hoy aqu\u00ed sobre Protecci\u00f3n Social, en un Foro Internacional sobre el tema organizado por la Vicepresidencia de la Rep\u00fablica. Seg\u00fan los organizadores, el evento tiene como objetivos identificar d\u00f3nde se ubica el sistema dominicano de Protecci\u00f3n Social y c\u00f3mo se consolida en un ciclo [&hellip;]<\/p>\n","protected":false},"author":1,"featured_media":0,"comment_status":"open","ping_status":"open","sticky":false,"template":"","format":"standard","meta":{"_bbp_topic_count":0,"_bbp_reply_count":0,"_bbp_total_topic_count":0,"_bbp_total_reply_count":0,"_bbp_voice_count":0,"_bbp_anonymous_reply_count":0,"_bbp_topic_count_hidden":0,"_bbp_reply_count_hidden":0,"_bbp_forum_subforum_count":0,"footnotes":""},"categories":[30,60],"tags":[],"class_list":{"0":"post-312626","1":"post","2":"type-post","3":"status-publish","4":"format-standard","6":"category-actualidad","7":"category-titulares-del-dia"},"_links":{"self":[{"href":"https:\/\/primermomento.com\/index.php?rest_route=\/wp\/v2\/posts\/312626","targetHints":{"allow":["GET"]}}],"collection":[{"href":"https:\/\/primermomento.com\/index.php?rest_route=\/wp\/v2\/posts"}],"about":[{"href":"https:\/\/primermomento.com\/index.php?rest_route=\/wp\/v2\/types\/post"}],"author":[{"embeddable":true,"href":"https:\/\/primermomento.com\/index.php?rest_route=\/wp\/v2\/users\/1"}],"replies":[{"embeddable":true,"href":"https:\/\/primermomento.com\/index.php?rest_route=%2Fwp%2Fv2%2Fcomments&post=312626"}],"version-history":[{"count":1,"href":"https:\/\/primermomento.com\/index.php?rest_route=\/wp\/v2\/posts\/312626\/revisions"}],"predecessor-version":[{"id":312628,"href":"https:\/\/primermomento.com\/index.php?rest_route=\/wp\/v2\/posts\/312626\/revisions\/312628"}],"wp:attachment":[{"href":"https:\/\/primermomento.com\/index.php?rest_route=%2Fwp%2Fv2%2Fmedia&parent=312626"}],"wp:term":[{"taxonomy":"category","embeddable":true,"href":"https:\/\/primermomento.com\/index.php?rest_route=%2Fwp%2Fv2%2Fcategories&post=312626"},{"taxonomy":"post_tag","embeddable":true,"href":"https:\/\/primermomento.com\/index.php?rest_route=%2Fwp%2Fv2%2Ftags&post=312626"}],"curies":[{"name":"wp","href":"https:\/\/api.w.org\/{rel}","templated":true}]}}