{"id":312688,"date":"2018-11-30T11:44:41","date_gmt":"2018-11-30T15:44:41","guid":{"rendered":"http:\/\/primermomento.com\/?p=312688"},"modified":"2018-11-30T17:47:12","modified_gmt":"2018-11-30T21:47:12","slug":"danilo-medina-viajara-a-mexico-para-toma-de-posesion-de-lopez-obrador","status":"publish","type":"post","link":"https:\/\/primermomento.com\/?p=312688","title":{"rendered":"Danilo Medina viajar\u00e1 a M\u00e9xico para toma de posesi\u00f3n de L\u00f3pez Obrador"},"content":{"rendered":"<div class=\"fullNewsIntrotext\">SANTO DOMINGO, Rep\u00fablica Dominicana.- El presidente de la Rep\u00fablica Dominicana, Danilo Medina, viajar\u00e1 ma\u00f1ana a M\u00e9xico para participar en la ceremonia de toma de posesi\u00f3n de Andr\u00e9s Manuel L\u00f3pez Obrador como mandatario electo del pa\u00eds azteca.<\/div>\n<div><\/div>\n<div class=\"fullNewsFulltext\">\n<figure id=\"attachment_285054\" aria-describedby=\"caption-attachment-285054\" style=\"width: 300px\" class=\"wp-caption alignleft\"><img loading=\"lazy\" decoding=\"async\" class=\"size-medium wp-image-285054\" src=\"http:\/\/primermomento.com\/wp-content\/uploads\/2016\/12\/Danilo-Medina-y-sica-300x200.jpg\" alt=\"\" width=\"300\" height=\"200\" srcset=\"https:\/\/primermomento.com\/wp-content\/uploads\/2016\/12\/Danilo-Medina-y-sica-300x200.jpg 300w, https:\/\/primermomento.com\/wp-content\/uploads\/2016\/12\/Danilo-Medina-y-sica-73x50.jpg 73w, https:\/\/primermomento.com\/wp-content\/uploads\/2016\/12\/Danilo-Medina-y-sica-500x333.jpg 500w, https:\/\/primermomento.com\/wp-content\/uploads\/2016\/12\/Danilo-Medina-y-sica-280x186.jpg 280w, https:\/\/primermomento.com\/wp-content\/uploads\/2016\/12\/Danilo-Medina-y-sica-60x40.jpg 60w, https:\/\/primermomento.com\/wp-content\/uploads\/2016\/12\/Danilo-Medina-y-sica-638x425.jpg 638w, https:\/\/primermomento.com\/wp-content\/uploads\/2016\/12\/Danilo-Medina-y-sica-118x79.jpg 118w, https:\/\/primermomento.com\/wp-content\/uploads\/2016\/12\/Danilo-Medina-y-sica-479x319.jpg 479w, https:\/\/primermomento.com\/wp-content\/uploads\/2016\/12\/Danilo-Medina-y-sica.jpg 748w\" sizes=\"auto, (max-width: 300px) 100vw, 300px\" \/><figcaption id=\"caption-attachment-285054\" class=\"wp-caption-text\">Danilo Medina.<\/figcaption><\/figure>\n<p>Seg\u00fan una nota de prensa de la Presidencia, el jefe de Estado saldr\u00e1 en las primeras horas del s\u00e1bado desde la Base A\u00e9rea de San Isidro en esta capital.<\/p>\n<p>Rep\u00fablica Dominicana es l\u00edder en captaci\u00f3n de inversi\u00f3n mexicana en la regi\u00f3n con m\u00e1s de siete mil millones de d\u00f3lares, se\u00f1ala la nota, destacando entre ellas, Telmex-Am\u00e9rica M\u00f3vil (Claro y Codetel), Grupo Palace Resorts y Cadena Hard Rock Hotel, Cementos Mexicanos y Jumex, a\u00f1ade.<\/p>\n<p>Asimismo, la informaci\u00f3n precisa c\u00f3mo entre los dos naciones existe una estrecha amistad y cooperaci\u00f3n y recuerda que el expresidente Juan Bosch, efectu\u00f3 una visita oficial a ese pa\u00eds en v\u00edsperas de su derrocamiento en 1963.<\/p>\n<p>Esta es la tercera visita de Medina a M\u00e9xico, las anteriores fueron en abril de 2014, cuando asisti\u00f3 a la VI Cumbre de la Asociaci\u00f3n de Estados del Caribe y en diciembre de ese mismo a\u00f1o para participar en la XXIV Cumbre de Jefes de Estado y de Gobierno.<\/p>\n<\/div>\n<div><\/div>\n<div style=\"text-align: right;\"><span style=\"color: #ff0000;\"><em>PL<\/em><\/span><\/div>\n","protected":false},"excerpt":{"rendered":"<p>SANTO DOMINGO, Rep\u00fablica Dominicana.- El presidente de la Rep\u00fablica Dominicana, Danilo Medina, viajar\u00e1 ma\u00f1ana a M\u00e9xico para participar en la ceremonia de toma de posesi\u00f3n de Andr\u00e9s Manuel L\u00f3pez Obrador como mandatario electo del pa\u00eds azteca. Seg\u00fan una nota de prensa de la Presidencia, el jefe de Estado saldr\u00e1 en las primeras horas del s\u00e1bado [&hellip;]<\/p>\n","protected":false},"author":1,"featured_media":0,"comment_status":"open","ping_status":"open","sticky":false,"template":"","format":"standard","meta":{"_bbp_topic_count":0,"_bbp_reply_count":0,"_bbp_total_topic_count":0,"_bbp_total_reply_count":0,"_bbp_voice_count":0,"_bbp_anonymous_reply_count":0,"_bbp_topic_count_hidden":0,"_bbp_reply_count_hidden":0,"_bbp_forum_subforum_count":0,"footnotes":""},"categories":[60,31],"tags":[],"class_list":{"0":"post-312688","1":"post","2":"type-post","3":"status-publish","4":"format-standard","6":"category-titulares-del-dia","7":"category-estados-unidos"},"_links":{"self":[{"href":"https:\/\/primermomento.com\/index.php?rest_route=\/wp\/v2\/posts\/312688","targetHints":{"allow":["GET"]}}],"collection":[{"href":"https:\/\/primermomento.com\/index.php?rest_route=\/wp\/v2\/posts"}],"about":[{"href":"https:\/\/primermomento.com\/index.php?rest_route=\/wp\/v2\/types\/post"}],"author":[{"embeddable":true,"href":"https:\/\/primermomento.com\/index.php?rest_route=\/wp\/v2\/users\/1"}],"replies":[{"embeddable":true,"href":"https:\/\/primermomento.com\/index.php?rest_route=%2Fwp%2Fv2%2Fcomments&post=312688"}],"version-history":[{"count":2,"href":"https:\/\/primermomento.com\/index.php?rest_route=\/wp\/v2\/posts\/312688\/revisions"}],"predecessor-version":[{"id":312690,"href":"https:\/\/primermomento.com\/index.php?rest_route=\/wp\/v2\/posts\/312688\/revisions\/312690"}],"wp:attachment":[{"href":"https:\/\/primermomento.com\/index.php?rest_route=%2Fwp%2Fv2%2Fmedia&parent=312688"}],"wp:term":[{"taxonomy":"category","embeddable":true,"href":"https:\/\/primermomento.com\/index.php?rest_route=%2Fwp%2Fv2%2Fcategories&post=312688"},{"taxonomy":"post_tag","embeddable":true,"href":"https:\/\/primermomento.com\/index.php?rest_route=%2Fwp%2Fv2%2Ftags&post=312688"}],"curies":[{"name":"wp","href":"https:\/\/api.w.org\/{rel}","templated":true}]}}