{"id":312709,"date":"2018-12-01T14:34:02","date_gmt":"2018-12-01T18:34:02","guid":{"rendered":"http:\/\/primermomento.com\/?p=312709"},"modified":"2018-12-01T14:34:02","modified_gmt":"2018-12-01T18:34:02","slug":"lopez-obrador-quiere-transformacion-pacifica-pero-profunda-y-radical-en-mexico","status":"publish","type":"post","link":"https:\/\/primermomento.com\/?p=312709","title":{"rendered":"L\u00f3pez Obrador quiere transformaci\u00f3n pac\u00edfica, pero profunda y radical en M\u00e9xico"},"content":{"rendered":"<div class=\"fullNewsIntrotext\">CIUDAD DE M\u00c9XICO, M\u00e9xico.- El nuevo presidente Andr\u00e9s Manuel L\u00f3pez Obrador dijo hoy que comienza en M\u00e9xico una transformaci\u00f3n pac\u00edfica, ordenada, pero al mismo tiempo profunda y radical.<\/div>\n<div><\/div>\n<div class=\"fullNewsFulltext\">\n<figure id=\"attachment_312710\" aria-describedby=\"caption-attachment-312710\" style=\"width: 300px\" class=\"wp-caption alignright\"><img loading=\"lazy\" decoding=\"async\" class=\"size-medium wp-image-312710\" src=\"http:\/\/primermomento.com\/wp-content\/uploads\/2018\/12\/y-discurso-obrador-300x200.jpg\" alt=\"\" width=\"300\" height=\"200\" srcset=\"https:\/\/primermomento.com\/wp-content\/uploads\/2018\/12\/y-discurso-obrador-300x200.jpg 300w, https:\/\/primermomento.com\/wp-content\/uploads\/2018\/12\/y-discurso-obrador-73x50.jpg 73w, https:\/\/primermomento.com\/wp-content\/uploads\/2018\/12\/y-discurso-obrador-500x333.jpg 500w, https:\/\/primermomento.com\/wp-content\/uploads\/2018\/12\/y-discurso-obrador-280x186.jpg 280w, https:\/\/primermomento.com\/wp-content\/uploads\/2018\/12\/y-discurso-obrador-60x40.jpg 60w, https:\/\/primermomento.com\/wp-content\/uploads\/2018\/12\/y-discurso-obrador-638x425.jpg 638w, https:\/\/primermomento.com\/wp-content\/uploads\/2018\/12\/y-discurso-obrador-118x79.jpg 118w, https:\/\/primermomento.com\/wp-content\/uploads\/2018\/12\/y-discurso-obrador-479x319.jpg 479w, https:\/\/primermomento.com\/wp-content\/uploads\/2018\/12\/y-discurso-obrador.jpg 748w\" sizes=\"auto, (max-width: 300px) 100vw, 300px\" \/><figcaption id=\"caption-attachment-312710\" class=\"wp-caption-text\">Andr\u00e9s Manuel L\u00f3pez Obrador.<\/figcaption><\/figure>\n<p>Luego de jurar y recibir la Banda Presidencial, prometi\u00f3 que acabar\u00e1 con la corrupci\u00f3n y la impunidad que &#8216;impiden el renacimiento de M\u00e9xico&#8217;.<\/p>\n<p>Queremos convertir la honestidad y la fraternidad en forma de vida, apunt\u00f3.<\/p>\n<p>Argument\u00f3 que nada ha da\u00f1ado m\u00e1s a M\u00e9xico que la deshonestidad de los gobernantes y de la peque\u00f1a minor\u00eda que ha lucrado con el influyentismo, causa principal de la desigualdad econ\u00f3mica y social y tambi\u00e9n de la inseguridad y la violencia prevaleciente.<\/p>\n<p>Dijo que el modelo neoliberal predominante en los \u00faltimos 36 a\u00f1os fracas\u00f3 y empobreci\u00f3 a la mayor\u00eda de la poblaci\u00f3n, obligando a la informalidad, la migraci\u00f3n o a conductas delictivas.<\/p>\n<p>La pol\u00edtica econ\u00f3mica neoliberal ha sido un desastre, subray\u00f3, y puso como ejemplo la reforma energ\u00e9tica que trajo la ca\u00edda de la producci\u00f3n de petr\u00f3leo y altos precios para la poblaci\u00f3n en la gasolina, el gas dom\u00e9stico y la electricidad.<\/p>\n<p>Record\u00f3 que antes del neoliberalismo el pa\u00eds era autosuficiente en los combustibles, y ahora se compra m\u00e1s de la mitad de lo que se consume. Algo parecido, apunt\u00f3, ocurre con el ma\u00edz, originario de M\u00e9xico y que se importa de Estados Unidos.<\/p>\n<p>El salario m\u00ednimo se deterior\u00f3 en el 60 por ciento y el salario de los mexicanos es el m\u00e1s pobre del planeta, coment\u00f3.<\/p>\n<p>Durante el periodo neoliberal nos convertimos en el segundo pa\u00eds del mundo con m\u00e1s migraci\u00f3n, con m\u00e1s de 24 millones de mexicanos en Estados Unidos, acot\u00f3.<\/p><\/div>\n<div><\/div>\n<div style=\"text-align: right;\"><span style=\"color: #ff0000;\"><em>PL<\/em><\/span><\/div>\n","protected":false},"excerpt":{"rendered":"<p>CIUDAD DE M\u00c9XICO, M\u00e9xico.- El nuevo presidente Andr\u00e9s Manuel L\u00f3pez Obrador dijo hoy que comienza en M\u00e9xico una transformaci\u00f3n pac\u00edfica, ordenada, pero al mismo tiempo profunda y radical. Luego de jurar y recibir la Banda Presidencial, prometi\u00f3 que acabar\u00e1 con la corrupci\u00f3n y la impunidad que &#8216;impiden el renacimiento de M\u00e9xico&#8217;. Queremos convertir la honestidad [&hellip;]<\/p>\n","protected":false},"author":1,"featured_media":0,"comment_status":"open","ping_status":"open","sticky":false,"template":"","format":"standard","meta":{"_bbp_topic_count":0,"_bbp_reply_count":0,"_bbp_total_topic_count":0,"_bbp_total_reply_count":0,"_bbp_voice_count":0,"_bbp_anonymous_reply_count":0,"_bbp_topic_count_hidden":0,"_bbp_reply_count_hidden":0,"_bbp_forum_subforum_count":0,"footnotes":""},"categories":[60,31],"tags":[],"class_list":{"0":"post-312709","1":"post","2":"type-post","3":"status-publish","4":"format-standard","6":"category-titulares-del-dia","7":"category-estados-unidos"},"_links":{"self":[{"href":"https:\/\/primermomento.com\/index.php?rest_route=\/wp\/v2\/posts\/312709","targetHints":{"allow":["GET"]}}],"collection":[{"href":"https:\/\/primermomento.com\/index.php?rest_route=\/wp\/v2\/posts"}],"about":[{"href":"https:\/\/primermomento.com\/index.php?rest_route=\/wp\/v2\/types\/post"}],"author":[{"embeddable":true,"href":"https:\/\/primermomento.com\/index.php?rest_route=\/wp\/v2\/users\/1"}],"replies":[{"embeddable":true,"href":"https:\/\/primermomento.com\/index.php?rest_route=%2Fwp%2Fv2%2Fcomments&post=312709"}],"version-history":[{"count":1,"href":"https:\/\/primermomento.com\/index.php?rest_route=\/wp\/v2\/posts\/312709\/revisions"}],"predecessor-version":[{"id":312711,"href":"https:\/\/primermomento.com\/index.php?rest_route=\/wp\/v2\/posts\/312709\/revisions\/312711"}],"wp:attachment":[{"href":"https:\/\/primermomento.com\/index.php?rest_route=%2Fwp%2Fv2%2Fmedia&parent=312709"}],"wp:term":[{"taxonomy":"category","embeddable":true,"href":"https:\/\/primermomento.com\/index.php?rest_route=%2Fwp%2Fv2%2Fcategories&post=312709"},{"taxonomy":"post_tag","embeddable":true,"href":"https:\/\/primermomento.com\/index.php?rest_route=%2Fwp%2Fv2%2Ftags&post=312709"}],"curies":[{"name":"wp","href":"https:\/\/api.w.org\/{rel}","templated":true}]}}