{"id":313017,"date":"2018-12-10T20:10:36","date_gmt":"2018-12-11T00:10:36","guid":{"rendered":"http:\/\/primermomento.com\/?p=313017"},"modified":"2018-12-10T21:13:27","modified_gmt":"2018-12-11T01:13:27","slug":"bani-llega-carbon-mineral-para-punta-catalina","status":"publish","type":"post","link":"https:\/\/primermomento.com\/?p=313017","title":{"rendered":"BAN\u00cd | Llega carb\u00f3n mineral para Punta Catalina"},"content":{"rendered":"\n<p><\/p>\n\n\n\n<p>BAN\u00cd, Rep\u00fablica Dominicana.- Parte del carb\u00f3n mineral necesario para la sincronizaci\u00f3n y pruebas de la primera unidad de la central termoel\u00e9ctrica dominicana Punta Catalina, ubicada en la provincia de Peravia, lleg\u00f3 hoy al pa\u00eds.                        <br>                        <\/p>\n\n\n\n<p>Se trata de 38 mil 516 toneladas de carb\u00f3n enviadas desde Estados Unidos por la empresa Xcoal Energy Resources, ganadora de la licitaci\u00f3n para suministrar al pa\u00eds 642 mil, todas para usar en la primera unidad de generaci\u00f3n que arrancar\u00e1 a prueba a principios de a\u00f1o.<\/p>\n\n\n\n<figure class=\"wp-block-image\"><img decoding=\"async\" src=\"http:\/\/primermomento.com\/wp-content\/uploads\/2018\/11\/Punta-Catalina.jpg\" alt=\"\" class=\"wp-image-312660\"\/><\/figure>\n\n\n\n<p> El \nvicepresidente ejecutivo de la Corporaci\u00f3n Dominicana de Empresas \nEl\u00e9ctricas Estatales, Rub\u00e9n Jim\u00e9nez, se\u00f1al\u00f3 a la prensa que en los \npr\u00f3ximos d\u00edas se convocar\u00e1 a una segunda licitaci\u00f3n p\u00fablica \ninternacional para la compra de 788 mil toneladas de carb\u00f3n mineral para\n la segunda unidad de generaci\u00f3n en su per\u00edodo de pruebas.<\/p>\n\n\n\n<p> \nJim\u00e9nez explic\u00f3 que la primera unidad de Punta Catalina ya puso a prueba\n su caldera y est\u00e1 en proceso de soplado de los ductos para \nposteriormente iniciar la sincronizaci\u00f3n con la turbina y de esa forma \ncomenzar a generar energ\u00eda en aumentos escalonados hasta llegar a su \nm\u00e1xima capacidad.<\/p>\n\n\n\n<p> El funcionario dijo que con la llegada del \nmencionado carb\u00f3n tambi\u00e9n se estren\u00f3 el puerto de alto calado, el cual \nacompa\u00f1a al parque energ\u00e9tico donde se encuentra asentada la central \ntermoel\u00e9ctrica.<\/p>\n\n\n\n<p> Expres\u00f3 como con la entrada de Punta Catalina \nlos costos se reducir\u00e1n, pues al representar esta planta de carb\u00f3n \nmineral alrededor de un tercio de la oferta el\u00e9ctrica nacional, \ndesplazar\u00e1 del sistema a las plantas actuales que operan con fuel oil, \nun combustible costoso.<\/p>\n\n\n\n<p> Jim\u00e9nez resalt\u00f3 que la inversi\u00f3n de la \ntermoel\u00e9ctrica es de mil 945 millones de d\u00f3lares con un aporte adicional\n de un fondo de contingencia de 336, condicionado a un proceso de \narbitraje desarrollado en una corte norteamericana, ante una reclamaci\u00f3n\n de sus constructores por gastos y costos por atrasos no determinados \npreviamente.<\/p>\n\n\n\n<p> Cuando esta planta se encuentre a plena capacidad, aportar\u00e1 al sistema energ\u00e9tico dominicano 752 megavatios <\/p>\n\n\n\n<p style=\"text-align:right\"><em>PL<\/em><\/p>\n","protected":false},"excerpt":{"rendered":"<p>BAN\u00cd, Rep\u00fablica Dominicana.- Parte del carb\u00f3n mineral necesario para la sincronizaci\u00f3n y pruebas de la primera unidad de la central termoel\u00e9ctrica dominicana Punta Catalina, ubicada en la provincia de Peravia, lleg\u00f3 hoy al pa\u00eds. Se trata de 38 mil 516 toneladas de carb\u00f3n enviadas desde Estados Unidos por la empresa Xcoal Energy Resources, ganadora de [&hellip;]<\/p>\n","protected":false},"author":1,"featured_media":0,"comment_status":"open","ping_status":"open","sticky":false,"template":"","format":"standard","meta":{"_bbp_topic_count":0,"_bbp_reply_count":0,"_bbp_total_topic_count":0,"_bbp_total_reply_count":0,"_bbp_voice_count":0,"_bbp_anonymous_reply_count":0,"_bbp_topic_count_hidden":0,"_bbp_reply_count_hidden":0,"_bbp_forum_subforum_count":0,"footnotes":""},"categories":[30,60],"tags":[],"class_list":{"0":"post-313017","1":"post","2":"type-post","3":"status-publish","4":"format-standard","6":"category-actualidad","7":"category-titulares-del-dia"},"_links":{"self":[{"href":"https:\/\/primermomento.com\/index.php?rest_route=\/wp\/v2\/posts\/313017","targetHints":{"allow":["GET"]}}],"collection":[{"href":"https:\/\/primermomento.com\/index.php?rest_route=\/wp\/v2\/posts"}],"about":[{"href":"https:\/\/primermomento.com\/index.php?rest_route=\/wp\/v2\/types\/post"}],"author":[{"embeddable":true,"href":"https:\/\/primermomento.com\/index.php?rest_route=\/wp\/v2\/users\/1"}],"replies":[{"embeddable":true,"href":"https:\/\/primermomento.com\/index.php?rest_route=%2Fwp%2Fv2%2Fcomments&post=313017"}],"version-history":[{"count":1,"href":"https:\/\/primermomento.com\/index.php?rest_route=\/wp\/v2\/posts\/313017\/revisions"}],"predecessor-version":[{"id":313018,"href":"https:\/\/primermomento.com\/index.php?rest_route=\/wp\/v2\/posts\/313017\/revisions\/313018"}],"wp:attachment":[{"href":"https:\/\/primermomento.com\/index.php?rest_route=%2Fwp%2Fv2%2Fmedia&parent=313017"}],"wp:term":[{"taxonomy":"category","embeddable":true,"href":"https:\/\/primermomento.com\/index.php?rest_route=%2Fwp%2Fv2%2Fcategories&post=313017"},{"taxonomy":"post_tag","embeddable":true,"href":"https:\/\/primermomento.com\/index.php?rest_route=%2Fwp%2Fv2%2Ftags&post=313017"}],"curies":[{"name":"wp","href":"https:\/\/api.w.org\/{rel}","templated":true}]}}