{"id":313083,"date":"2018-12-11T14:54:13","date_gmt":"2018-12-11T18:54:13","guid":{"rendered":"http:\/\/primermomento.com\/?p=313083"},"modified":"2018-12-11T14:58:32","modified_gmt":"2018-12-11T18:58:32","slug":"llegan-a-ocho-fallecidos-por-explosion-en-fabrica","status":"publish","type":"post","link":"https:\/\/primermomento.com\/?p=313083","title":{"rendered":"Llegan a ocho fallecidos por explosi\u00f3n en f\u00e1brica"},"content":{"rendered":"\n<p><\/p>\n\n\n\n<p>SANTO DOMINGO, Rep\u00fablica Dominicana.- A ocho llegaron los fallecidos a causa una explosi\u00f3n ocurrida en la f\u00e1brica de pl\u00e1sticos Polyplast, ubicada en esta capital, tras la muerte de uno de los pacientes ingresados, se conoci\u00f3 hoy aqu\u00ed.                        <br>                         <\/p>\n\n\n\n<figure class=\"wp-block-image\"><img loading=\"lazy\" decoding=\"async\" width=\"652\" height=\"367\" src=\"http:\/\/primermomento.com\/wp-content\/uploads\/2018\/12\/fabrica-explosion.jpg\" alt=\"\" class=\"wp-image-313084\" srcset=\"https:\/\/primermomento.com\/wp-content\/uploads\/2018\/12\/fabrica-explosion.jpg 652w, https:\/\/primermomento.com\/wp-content\/uploads\/2018\/12\/fabrica-explosion-300x169.jpg 300w, https:\/\/primermomento.com\/wp-content\/uploads\/2018\/12\/fabrica-explosion-478x270.jpg 478w, https:\/\/primermomento.com\/wp-content\/uploads\/2018\/12\/fabrica-explosion-500x281.jpg 500w, https:\/\/primermomento.com\/wp-content\/uploads\/2018\/12\/fabrica-explosion-280x158.jpg 280w, https:\/\/primermomento.com\/wp-content\/uploads\/2018\/12\/fabrica-explosion-638x359.jpg 638w, https:\/\/primermomento.com\/wp-content\/uploads\/2018\/12\/fabrica-explosion-118x66.jpg 118w, https:\/\/primermomento.com\/wp-content\/uploads\/2018\/12\/fabrica-explosion-479x270.jpg 479w\" sizes=\"auto, (max-width: 652px) 100vw, 652px\" \/><\/figure>\n\n\n\n<p>El fallecido, identificado como Rafael Contreras, de 55 a\u00f1os, presentaba quemaduras de segundo y tercer grados y se encontraba ingresado en la Unidad de Quemados del hospital Ney Arias Lora, en el norte de Santo Domingo.<\/p>\n\n\n\n<p>\n Un informe del Cuerpo de Bomberos de esta ciudad dado a conocer la \nv\u00edspera y efectuado en colaboraci\u00f3n con los Bomberos de San Juan, Puerto\n Rico, indic\u00f3 que la causa principal de la explosi\u00f3n se origin\u00f3 por una \nfuga de gas natural cuando se despachaba el hidrocarburo al tanque \nprincipal de la compa\u00f1\u00eda.<\/p>\n\n\n\n<p> Asimismo, agrega el informe, el tanque\n de gas estaba colocado en un \u00e1rea com\u00fan pr\u00f3ximo a la caldera y no se \npudo comprobar que existiera un muro de contenci\u00f3n, ni un sistema de \nsupresi\u00f3n de incendios autom\u00e1tica.<\/p>\n\n\n\n<p> Tampoco se verific\u00f3 que la empresa contara con dispositivos de detecci\u00f3n de escapes y las alarmas de emergencia no funcionaron.<\/p>\n\n\n\n<p> El siniestro se produjo el pasado 5 de diciembre, y por el lamentable hecho, adem\u00e1s de los fallecidos, al menos 103 personas fueron lesionadas y hubo serios da\u00f1os materiales en el lugar y lugares aleda\u00f1os incluidas viviendas y escuelas.<\/p>\n\n\n\n<p style=\"text-align:right\"><em>PL<\/em><\/p>\n","protected":false},"excerpt":{"rendered":"<p>SANTO DOMINGO, Rep\u00fablica Dominicana.- A ocho llegaron los fallecidos a causa una explosi\u00f3n ocurrida en la f\u00e1brica de pl\u00e1sticos Polyplast, ubicada en esta capital, tras la muerte de uno de los pacientes ingresados, se conoci\u00f3 hoy aqu\u00ed. El fallecido, identificado como Rafael Contreras, de 55 a\u00f1os, presentaba quemaduras de segundo y tercer grados y se [&hellip;]<\/p>\n","protected":false},"author":1,"featured_media":0,"comment_status":"open","ping_status":"open","sticky":false,"template":"","format":"standard","meta":{"_bbp_topic_count":0,"_bbp_reply_count":0,"_bbp_total_topic_count":0,"_bbp_total_reply_count":0,"_bbp_voice_count":0,"_bbp_anonymous_reply_count":0,"_bbp_topic_count_hidden":0,"_bbp_reply_count_hidden":0,"_bbp_forum_subforum_count":0,"footnotes":""},"categories":[30,60],"tags":[],"class_list":{"0":"post-313083","1":"post","2":"type-post","3":"status-publish","4":"format-standard","6":"category-actualidad","7":"category-titulares-del-dia"},"_links":{"self":[{"href":"https:\/\/primermomento.com\/index.php?rest_route=\/wp\/v2\/posts\/313083","targetHints":{"allow":["GET"]}}],"collection":[{"href":"https:\/\/primermomento.com\/index.php?rest_route=\/wp\/v2\/posts"}],"about":[{"href":"https:\/\/primermomento.com\/index.php?rest_route=\/wp\/v2\/types\/post"}],"author":[{"embeddable":true,"href":"https:\/\/primermomento.com\/index.php?rest_route=\/wp\/v2\/users\/1"}],"replies":[{"embeddable":true,"href":"https:\/\/primermomento.com\/index.php?rest_route=%2Fwp%2Fv2%2Fcomments&post=313083"}],"version-history":[{"count":1,"href":"https:\/\/primermomento.com\/index.php?rest_route=\/wp\/v2\/posts\/313083\/revisions"}],"predecessor-version":[{"id":313085,"href":"https:\/\/primermomento.com\/index.php?rest_route=\/wp\/v2\/posts\/313083\/revisions\/313085"}],"wp:attachment":[{"href":"https:\/\/primermomento.com\/index.php?rest_route=%2Fwp%2Fv2%2Fmedia&parent=313083"}],"wp:term":[{"taxonomy":"category","embeddable":true,"href":"https:\/\/primermomento.com\/index.php?rest_route=%2Fwp%2Fv2%2Fcategories&post=313083"},{"taxonomy":"post_tag","embeddable":true,"href":"https:\/\/primermomento.com\/index.php?rest_route=%2Fwp%2Fv2%2Ftags&post=313083"}],"curies":[{"name":"wp","href":"https:\/\/api.w.org\/{rel}","templated":true}]}}