{"id":313118,"date":"2018-12-12T04:21:19","date_gmt":"2018-12-12T08:21:19","guid":{"rendered":"http:\/\/primermomento.com\/?p=313118"},"modified":"2018-12-12T15:22:09","modified_gmt":"2018-12-12T19:22:09","slug":"actriz-dominicana-designada-modelo-oficial-premios-estrella","status":"publish","type":"post","link":"https:\/\/primermomento.com\/?p=313118","title":{"rendered":"Actriz dominicana designada modelo oficial \u201cPremios Estrella\u201d"},"content":{"rendered":"\n<p>NUEVA YORK, Nueva York.- La reconocida actriz dominicana Ana Mora ha sidodesignada modelo oficial de los afamados \u201cPremios Estrella\u201d, en su 26va. versi\u00f3n,a celebrarse el pr\u00f3ximo 28 de enero en el Teatro de Bellas Artes en laRep\u00fablica Dominicana, con una especial dedicatoria al ministro de Cultura,Eduardo Selman.<\/p>\n\n\n\n<div class=\"wp-block-image\"><figure class=\"alignleft\"><img loading=\"lazy\" decoding=\"async\" width=\"326\" height=\"349\" src=\"http:\/\/primermomento.com\/wp-content\/uploads\/2018\/12\/Chino-Estrella.jpg\" alt=\"\" class=\"wp-image-313119\" srcset=\"https:\/\/primermomento.com\/wp-content\/uploads\/2018\/12\/Chino-Estrella.jpg 326w, https:\/\/primermomento.com\/wp-content\/uploads\/2018\/12\/Chino-Estrella-280x300.jpg 280w, https:\/\/primermomento.com\/wp-content\/uploads\/2018\/12\/Chino-Estrella-206x220.jpg 206w, https:\/\/primermomento.com\/wp-content\/uploads\/2018\/12\/Chino-Estrella-118x126.jpg 118w\" sizes=\"auto, (max-width: 326px) 100vw, 326px\" \/><\/figure><\/div>\n\n\n\n<p>El comunicador y productor Chino Estrella,\nfundador de los mismos, durante una concurrida rueda de prensa celebrada en el\nrestaurant 809, en el Alto Manhattan, design\u00f3 a la joven actriz por su\ncompromiso, entrega y dedicaci\u00f3n a la comunidad dominicana en la Gran Manzana,\nponiendo siempre en alto la bandera tricolor.<\/p>\n\n\n\n<p>\u201cFeliz por esta designaci\u00f3n y la acepto con gran\nresponsabilidad; doy las gracias a Estrella por esta oportunidad a los nuevos\ntalentos que estamos trabajando en el arte y la comunicaci\u00f3n\u201d, expres\u00f3 de su\nparte la esbelta quisqueyana.<\/p>\n\n\n\n<p>Asimismo, Estrella especific\u00f3 que dedica los\u201cPremios\u201d al arquitecto Selman porque ha venido apoyando la comunidadquisqueyana en el exterior desde hace muchos a\u00f1os y ha trabajado en importantesproyectos de infraestructuras para el desarrollo de la RD, fortaleciendo ahorael arte y la cultura desde el ministerio que dirige.<\/p>\n\n\n\n<p style=\"text-align:right\">Ram\u00f3n Mercedes<\/p>\n","protected":false},"excerpt":{"rendered":"<p>NUEVA YORK, Nueva York.- La reconocida actriz dominicana Ana Mora ha sidodesignada modelo oficial de los afamados \u201cPremios Estrella\u201d, en su 26va. versi\u00f3n,a celebrarse el pr\u00f3ximo 28 de enero en el Teatro de Bellas Artes en laRep\u00fablica Dominicana, con una especial dedicatoria al ministro de Cultura,Eduardo Selman. El comunicador y productor Chino Estrella, fundador de [&hellip;]<\/p>\n","protected":false},"author":1,"featured_media":0,"comment_status":"open","ping_status":"open","sticky":false,"template":"","format":"standard","meta":{"_bbp_topic_count":0,"_bbp_reply_count":0,"_bbp_total_topic_count":0,"_bbp_total_reply_count":0,"_bbp_voice_count":0,"_bbp_anonymous_reply_count":0,"_bbp_topic_count_hidden":0,"_bbp_reply_count_hidden":0,"_bbp_forum_subforum_count":0,"footnotes":""},"categories":[39,60],"tags":[],"class_list":{"0":"post-313118","1":"post","2":"type-post","3":"status-publish","4":"format-standard","6":"category-entretenimiento","7":"category-titulares-del-dia"},"_links":{"self":[{"href":"https:\/\/primermomento.com\/index.php?rest_route=\/wp\/v2\/posts\/313118","targetHints":{"allow":["GET"]}}],"collection":[{"href":"https:\/\/primermomento.com\/index.php?rest_route=\/wp\/v2\/posts"}],"about":[{"href":"https:\/\/primermomento.com\/index.php?rest_route=\/wp\/v2\/types\/post"}],"author":[{"embeddable":true,"href":"https:\/\/primermomento.com\/index.php?rest_route=\/wp\/v2\/users\/1"}],"replies":[{"embeddable":true,"href":"https:\/\/primermomento.com\/index.php?rest_route=%2Fwp%2Fv2%2Fcomments&post=313118"}],"version-history":[{"count":1,"href":"https:\/\/primermomento.com\/index.php?rest_route=\/wp\/v2\/posts\/313118\/revisions"}],"predecessor-version":[{"id":313120,"href":"https:\/\/primermomento.com\/index.php?rest_route=\/wp\/v2\/posts\/313118\/revisions\/313120"}],"wp:attachment":[{"href":"https:\/\/primermomento.com\/index.php?rest_route=%2Fwp%2Fv2%2Fmedia&parent=313118"}],"wp:term":[{"taxonomy":"category","embeddable":true,"href":"https:\/\/primermomento.com\/index.php?rest_route=%2Fwp%2Fv2%2Fcategories&post=313118"},{"taxonomy":"post_tag","embeddable":true,"href":"https:\/\/primermomento.com\/index.php?rest_route=%2Fwp%2Fv2%2Ftags&post=313118"}],"curies":[{"name":"wp","href":"https:\/\/api.w.org\/{rel}","templated":true}]}}