{"id":313129,"date":"2018-12-12T04:34:48","date_gmt":"2018-12-12T08:34:48","guid":{"rendered":"http:\/\/primermomento.com\/?p=313129"},"modified":"2018-12-12T15:38:45","modified_gmt":"2018-12-12T19:38:45","slug":"el-pacto-migratorio-miedos-e-irresponsabilidades","status":"publish","type":"post","link":"https:\/\/primermomento.com\/?p=313129","title":{"rendered":"El Pacto Migratorio: miedos e irresponsabilidades"},"content":{"rendered":"\n<p>El gobierno dominicano recul\u00f3 y se neg\u00f3 a firmar el Pacto Mundial sobre las Migraciones, aprovechando irresponsablemente y con fines pol\u00edtico electorero el ambiente de miedo\/terror que sobre el tema migratorio un pu\u00f1ado de nacionalistas cerriles ha impuesto a la sociedad dominicana. De ese miedo, que enturbia la raz\u00f3n a la hora de discutir el tema de las migraciones, y que concita las m\u00e1s peligrosas pasiones e irracionalidades colectivas, no han podido zafarse diversos sectores de la sociedad civil dominicana ni la generalidad de una clase pol\u00edtica que tambi\u00e9n ha asumido los mitos, medias verdades y mentiras sobre un tema que es vital para el presente y futuro de nuestro pa\u00eds. En el \u00e1mbito pol\u00edtico, las posiciones de los partidos Revolucionario Moderno y Alianza Pa\u00eds, son dos decepcionantes ejemplos.<\/p>\n\n\n\n<div class=\"wp-block-image\"><figure class=\"alignleft\"><img loading=\"lazy\" decoding=\"async\" width=\"200\" height=\"133\" src=\"http:\/\/primermomento.com\/wp-content\/uploads\/2016\/08\/Cesar-Perez-e1544643175836.jpg\" alt=\"\" class=\"wp-image-280305\"\/><\/figure><\/div>\n\n\n\n<p>El PRM se reclama socialdem\u00f3crata y AP se presenta como alternativo y de cambio y tiene un significativo e influyente n\u00famero de militantes que se reclaman de izquierda, pero a pesar de que por momento han sido categ\u00f3ricos en la condena a los abusos que muchas veces se cometen contra los migrantes haitianos, esta vez han coincidido con el ultranacionalismo rampl\u00f3n. El primero ha dado declaraciones pobres y vagas para oponerse a que el Estado firme el Pacto Mundial para la Migraci\u00f3n que firm\u00f3 la aplastante mayor\u00eda de los pa\u00edses miembros del de la ONU. A trav\u00e9s de su presidente AP, con equ\u00edvocos, medias verdades e inexcusables omisiones ha expresado su oposici\u00f3n a la firma del Pacto<\/p>\n\n\n\n<p>El presidente de AP, Guillermo Moreno plantea esencialmente que, \u201cen las condiciones actuales de la RD lo correcto es que tema migratorio se mantenga exclusivamente como competencia de la ley interna de dominicana\u201d y  \u201cprimero poner en orden nuestra casa antes de asumir compromisos internacionales\u201d un juicio no pertinente, pues la firma del Pacto no es contradictorio con un proceso de establecimiento de ese \u201corden\u201d ni tampoco obligaba a nuestro pa\u00eds ni a ning\u00fan otro a renunciar a sus propias leyes. Moreno no toma en cuenta que la causa principal del presente fen\u00f3meno migratorio radica en las transformaciones estructurales del sistema productivo a nivel mundial, que demanda mano de obra extranjera para realizar labores que no hace la local. No advierte u omite decir que la migraci\u00f3n haitiana hacia nuestro pa\u00eds es por la necesidad del migrante como del sistema productivo que la demanda.<\/p>\n\n\n\n<p>El fen\u00f3meno migratorio es indetenible, las regulaciones o el \u201corden\u201d para enfrentarlo son importantes, pero hacerlo con miedo y sin el sentido de globalidad que correctamente se plantea en el Pacto significa perder la oportunidad de discutir sobre el mismo con el grado de seriedad que ese tema demanda. El 80\/20 (80% de dominicanos contra el 20% de extranjero en los centros de trabajo) que establece de la ley laboral y que demanda Moreno es hist\u00f3rica, sociol\u00f3gica y econ\u00f3micamente impracticable, simplemente porque hay trabajos que nuestra mano de obra no hace, como sucede en muchos pa\u00edses, debido a que la remuneraci\u00f3n est\u00e1 por debajo de las expectativas de la poblaci\u00f3n local. Es una tendencia mundial de la organizaci\u00f3n del trabajo de la cual nosotros no nos podemos abstraer.<\/p>\n\n\n\n<p>Este fen\u00f3meno, provocado b\u00e1sicamente en el \u00e1mbito de la esfera econ\u00f3mica provoca flujos migratorios que provocan innegables y a veces peligrosas tensiones en las sociedades receptoras de dichos flujos y de eso los l\u00edderes pol\u00edticos, empresariales y de la sociedad civil deben tomar notas y plantearse el tema seriamente, evitando que sean la irracionalidad o el terror del ultranacionalismo derechista los que impongan agendas y medidas para enfrentar el tema. Los ultranacionalistas y populistas de derecha han encontrado en las referidas tensiones la fuente de su crecimiento en t\u00e9rminos electorales en diversos pa\u00edses. Lo han logrado, y a eso la generalidad de las tendencias liberales, progresistas y de izquierda no han podido dar una respuesta.<\/p>\n\n\n\n<p>A veces la respuesta ha sido la de asumir de manera velada algunas de las posiciones del ultranacionalismo sin resultados pol\u00edticos, y s\u00ed con descensos clamorosos t\u00e9rminos electorales que tienen en vilo muchos pa\u00edses y que impiden un abordaje eficaz del tema migratorio. En el caso espec\u00edfico de nuestro pa\u00eds, el gobierno ha sido irresponsable al recular y negarse a firmar un documento que conoc\u00eda y que reconoc\u00eda su valor; la misma condena debe hacerse a una clase empresarial que sabe mejor que nadie que el proceso productivo dominicano no puede operar sin la mano de obra extranjera o de origen, por lo cual ha debido exigir un debate serio sobre el tema en cuesti\u00f3n en lugar de plegarse a la estrategia del miedo, del terror, falsedades y tergiversaciones de los ultranacionalistas y de confundidos en torno a la esencia del Pacto para las migraciones.<\/p>\n\n\n\n<p>Contrario a diversos sectores de la sociedad civil, de partidos como el PCT, Opci\u00f3n Democr\u00e1tica y APD que s\u00ed han sido coherentes, ese terror la alta direcci\u00f3n de los partidos Revolucionarios Moderno y Alianza Pa\u00eds no lograron zafarse, sum\u00e1ndose al coro de las justificaciones sin asidero serio del ultranacionalismo para que el gobierno no firmase el Pacto. Una l\u00e1stima, una decepci\u00f3n que evidencia de que, en este caso, sobre el tema esos partidos podr\u00edan tener ideas, pero no el coraje de defenderlas.<\/p>\n\n\n\n<p style=\"text-align:right\">C\u00e9sar P\u00e9rez<br><em>Soci\u00f3logo y profesor universitario<\/em><\/p>\n","protected":false},"excerpt":{"rendered":"<p>El gobierno dominicano recul\u00f3 y se neg\u00f3 a firmar el Pacto Mundial sobre las Migraciones, aprovechando irresponsablemente y con fines pol\u00edtico electorero el ambiente de miedo\/terror que sobre el tema migratorio un pu\u00f1ado de nacionalistas cerriles ha impuesto a la sociedad dominicana. De ese miedo, que enturbia la raz\u00f3n a la hora de discutir el [&hellip;]<\/p>\n","protected":false},"author":1,"featured_media":0,"comment_status":"open","ping_status":"open","sticky":false,"template":"","format":"standard","meta":{"_bbp_topic_count":0,"_bbp_reply_count":0,"_bbp_total_topic_count":0,"_bbp_total_reply_count":0,"_bbp_voice_count":0,"_bbp_anonymous_reply_count":0,"_bbp_topic_count_hidden":0,"_bbp_reply_count_hidden":0,"_bbp_forum_subforum_count":0,"footnotes":""},"categories":[33],"tags":[],"class_list":{"0":"post-313129","1":"post","2":"type-post","3":"status-publish","4":"format-standard","6":"category-opinion"},"_links":{"self":[{"href":"https:\/\/primermomento.com\/index.php?rest_route=\/wp\/v2\/posts\/313129","targetHints":{"allow":["GET"]}}],"collection":[{"href":"https:\/\/primermomento.com\/index.php?rest_route=\/wp\/v2\/posts"}],"about":[{"href":"https:\/\/primermomento.com\/index.php?rest_route=\/wp\/v2\/types\/post"}],"author":[{"embeddable":true,"href":"https:\/\/primermomento.com\/index.php?rest_route=\/wp\/v2\/users\/1"}],"replies":[{"embeddable":true,"href":"https:\/\/primermomento.com\/index.php?rest_route=%2Fwp%2Fv2%2Fcomments&post=313129"}],"version-history":[{"count":1,"href":"https:\/\/primermomento.com\/index.php?rest_route=\/wp\/v2\/posts\/313129\/revisions"}],"predecessor-version":[{"id":313130,"href":"https:\/\/primermomento.com\/index.php?rest_route=\/wp\/v2\/posts\/313129\/revisions\/313130"}],"wp:attachment":[{"href":"https:\/\/primermomento.com\/index.php?rest_route=%2Fwp%2Fv2%2Fmedia&parent=313129"}],"wp:term":[{"taxonomy":"category","embeddable":true,"href":"https:\/\/primermomento.com\/index.php?rest_route=%2Fwp%2Fv2%2Fcategories&post=313129"},{"taxonomy":"post_tag","embeddable":true,"href":"https:\/\/primermomento.com\/index.php?rest_route=%2Fwp%2Fv2%2Ftags&post=313129"}],"curies":[{"name":"wp","href":"https:\/\/api.w.org\/{rel}","templated":true}]}}