{"id":313385,"date":"2018-12-20T13:15:45","date_gmt":"2018-12-20T17:15:45","guid":{"rendered":"http:\/\/primermomento.com\/?p=313385"},"modified":"2018-12-20T21:56:21","modified_gmt":"2018-12-21T01:56:21","slug":"exportaciones-del-pais-superan-los-11-mil-millones-de-dolares","status":"publish","type":"post","link":"https:\/\/primermomento.com\/?p=313385","title":{"rendered":"Exportaciones del pa\u00eds superan los 11 mil millones de d\u00f3lares"},"content":{"rendered":"\n<p> SANTO DOMINGO, Rep\u00fablica Dominicana.- Las exportaciones dominicanas superar\u00e1n  al cierre de  2018 los 11 mil millones de d\u00f3lares, casi un nueve por  ciento por encima de lo alcanzado el pasado a\u00f1o, se divulg\u00f3 hoy en esta  capital.                         <\/p>\n\n\n\n<figure class=\"wp-block-image\"><img loading=\"lazy\" decoding=\"async\" width=\"990\" height=\"660\" src=\"http:\/\/primermomento.com\/wp-content\/uploads\/2018\/12\/Jose-Ramon-Peralta-ministro.jpg\" alt=\"\" class=\"wp-image-313386\" srcset=\"https:\/\/primermomento.com\/wp-content\/uploads\/2018\/12\/Jose-Ramon-Peralta-ministro.jpg 990w, https:\/\/primermomento.com\/wp-content\/uploads\/2018\/12\/Jose-Ramon-Peralta-ministro-300x200.jpg 300w, https:\/\/primermomento.com\/wp-content\/uploads\/2018\/12\/Jose-Ramon-Peralta-ministro-768x512.jpg 768w, https:\/\/primermomento.com\/wp-content\/uploads\/2018\/12\/Jose-Ramon-Peralta-ministro-73x50.jpg 73w, https:\/\/primermomento.com\/wp-content\/uploads\/2018\/12\/Jose-Ramon-Peralta-ministro-500x333.jpg 500w, https:\/\/primermomento.com\/wp-content\/uploads\/2018\/12\/Jose-Ramon-Peralta-ministro-280x187.jpg 280w, https:\/\/primermomento.com\/wp-content\/uploads\/2018\/12\/Jose-Ramon-Peralta-ministro-60x40.jpg 60w, https:\/\/primermomento.com\/wp-content\/uploads\/2018\/12\/Jose-Ramon-Peralta-ministro-638x425.jpg 638w, https:\/\/primermomento.com\/wp-content\/uploads\/2018\/12\/Jose-Ramon-Peralta-ministro-118x79.jpg 118w, https:\/\/primermomento.com\/wp-content\/uploads\/2018\/12\/Jose-Ramon-Peralta-ministro-479x319.jpg 479w\" sizes=\"auto, (max-width: 990px) 100vw, 990px\" \/><figcaption>Jos\u00e9 Ram\u00f3n Peralta.<\/figcaption><\/figure>\n\n\n\n<p>La informaci\u00f3n la  brind\u00f3 el ministro administrativo de la Presidencia, Jos\u00e9 Ram\u00f3n  Peralta, tomando como base los datos brindados por el Observatorio  Dominicano de Comercio Internacional, de la cual expres\u00f3 &#8216;es uno de los  grandes logros de este a\u00f1o en el pa\u00eds&#8217;.<\/p>\n\n\n\n<p> Asimismo, resalt\u00f3 el \nnivel de conciencia de los sectores p\u00fablico y privado en torno a la \nnecesidad de una cultura exportadora y llam\u00f3 al pueblo dominicano a \nreflexionar sobre el pa\u00eds que quiere para el futuro inmediato en \nt\u00e9rminos de bienestar econ\u00f3mico y social.    El Observatorio se\u00f1al\u00f3 \nrecientemente que el crecimiento de las exportaciones es importante \ncomparado con los \u00faltimos a\u00f1os pues est\u00e1 por encima del ocho por ciento.<\/p>\n\n\n\n<p>\n Resalt\u00f3 entre los principales renglones de exportaci\u00f3n que explican ese\n crecimiento a los productos el\u00e9ctricos de zonas francas, los \nagropecuarios y la industria manufacturera.<\/p>\n\n\n\n<p> Finalmente precis\u00f3  como otros rubros que contribuyeron de manera importante al mencionado  incremento los equipos m\u00e9dicos y los cigarros desde las zonas francas. <\/p>\n\n\n\n<p style=\"text-align:right\"><em>PL<\/em><\/p>\n","protected":false},"excerpt":{"rendered":"<p>SANTO DOMINGO, Rep\u00fablica Dominicana.- Las exportaciones dominicanas superar\u00e1n al cierre de 2018 los 11 mil millones de d\u00f3lares, casi un nueve por ciento por encima de lo alcanzado el pasado a\u00f1o, se divulg\u00f3 hoy en esta capital. La informaci\u00f3n la brind\u00f3 el ministro administrativo de la Presidencia, Jos\u00e9 Ram\u00f3n Peralta, tomando como base los datos [&hellip;]<\/p>\n","protected":false},"author":1,"featured_media":0,"comment_status":"open","ping_status":"open","sticky":false,"template":"","format":"standard","meta":{"_bbp_topic_count":0,"_bbp_reply_count":0,"_bbp_total_topic_count":0,"_bbp_total_reply_count":0,"_bbp_voice_count":0,"_bbp_anonymous_reply_count":0,"_bbp_topic_count_hidden":0,"_bbp_reply_count_hidden":0,"_bbp_forum_subforum_count":0,"footnotes":""},"categories":[35,60],"tags":[],"class_list":{"0":"post-313385","1":"post","2":"type-post","3":"status-publish","4":"format-standard","6":"category-economia","7":"category-titulares-del-dia"},"_links":{"self":[{"href":"https:\/\/primermomento.com\/index.php?rest_route=\/wp\/v2\/posts\/313385","targetHints":{"allow":["GET"]}}],"collection":[{"href":"https:\/\/primermomento.com\/index.php?rest_route=\/wp\/v2\/posts"}],"about":[{"href":"https:\/\/primermomento.com\/index.php?rest_route=\/wp\/v2\/types\/post"}],"author":[{"embeddable":true,"href":"https:\/\/primermomento.com\/index.php?rest_route=\/wp\/v2\/users\/1"}],"replies":[{"embeddable":true,"href":"https:\/\/primermomento.com\/index.php?rest_route=%2Fwp%2Fv2%2Fcomments&post=313385"}],"version-history":[{"count":1,"href":"https:\/\/primermomento.com\/index.php?rest_route=\/wp\/v2\/posts\/313385\/revisions"}],"predecessor-version":[{"id":313387,"href":"https:\/\/primermomento.com\/index.php?rest_route=\/wp\/v2\/posts\/313385\/revisions\/313387"}],"wp:attachment":[{"href":"https:\/\/primermomento.com\/index.php?rest_route=%2Fwp%2Fv2%2Fmedia&parent=313385"}],"wp:term":[{"taxonomy":"category","embeddable":true,"href":"https:\/\/primermomento.com\/index.php?rest_route=%2Fwp%2Fv2%2Fcategories&post=313385"},{"taxonomy":"post_tag","embeddable":true,"href":"https:\/\/primermomento.com\/index.php?rest_route=%2Fwp%2Fv2%2Ftags&post=313385"}],"curies":[{"name":"wp","href":"https:\/\/api.w.org\/{rel}","templated":true}]}}