{"id":313586,"date":"2018-12-28T09:19:08","date_gmt":"2018-12-28T13:19:08","guid":{"rendered":"http:\/\/primermomento.com\/?p=313586"},"modified":"2018-12-28T21:23:14","modified_gmt":"2018-12-29T01:23:14","slug":"vaguada-afecta-a-republica-dominicana","status":"publish","type":"post","link":"https:\/\/primermomento.com\/?p=313586","title":{"rendered":"Vaguada afecta a Rep\u00fablica Dominicana"},"content":{"rendered":"\n<p> SANTO DOMINGO, Rep\u00fablica Dominicana.- Una vaguada en los niveles medios y altos  de la troposfera afecta hoy a la Rep\u00fablica Dominicana con lluvias y  fuertes oleajes en el litoral costero del Atl\u00e1ntico.                         <br>                         <\/p>\n\n\n\n<figure class=\"wp-block-image\"><img loading=\"lazy\" decoding=\"async\" width=\"546\" height=\"292\" src=\"http:\/\/primermomento.com\/wp-content\/uploads\/2018\/12\/vaguada.jpg\" alt=\"\" class=\"wp-image-313587\" srcset=\"https:\/\/primermomento.com\/wp-content\/uploads\/2018\/12\/vaguada.jpg 546w, https:\/\/primermomento.com\/wp-content\/uploads\/2018\/12\/vaguada-300x160.jpg 300w, https:\/\/primermomento.com\/wp-content\/uploads\/2018\/12\/vaguada-500x267.jpg 500w, https:\/\/primermomento.com\/wp-content\/uploads\/2018\/12\/vaguada-280x150.jpg 280w, https:\/\/primermomento.com\/wp-content\/uploads\/2018\/12\/vaguada-118x63.jpg 118w, https:\/\/primermomento.com\/wp-content\/uploads\/2018\/12\/vaguada-479x256.jpg 479w\" sizes=\"auto, (max-width: 546px) 100vw, 546px\" \/><\/figure>\n\n\n\n<p> La Oficina  Nacional de Meteorolog\u00eda alert\u00f3 que las lluvias ser\u00e1n m\u00e1s fuertes en  horas de la tarde de este viernes y recomend\u00f3 a los operadores de  embarcaciones permanecer en los puertos del mencionado litoral y tambi\u00e9n  en la bah\u00eda de Saman\u00e1.<\/p>\n\n\n\n<p> Asimismo, pronostic\u00f3 que las  afectaciones disminuir\u00e1n paulatinamente s\u00e1bado y domingo pues la vaguada  se alejar\u00e1 del territorio dominicano y dar\u00e1 paso a una masa de aire m\u00e1s  estable y menos h\u00fameda generada por circulaci\u00f3n anticicl\u00f3nica. <\/p>\n\n\n\n<p style=\"text-align:right\"><em>PL<\/em><\/p>\n","protected":false},"excerpt":{"rendered":"<p>SANTO DOMINGO, Rep\u00fablica Dominicana.- Una vaguada en los niveles medios y altos de la troposfera afecta hoy a la Rep\u00fablica Dominicana con lluvias y fuertes oleajes en el litoral costero del Atl\u00e1ntico. La Oficina Nacional de Meteorolog\u00eda alert\u00f3 que las lluvias ser\u00e1n m\u00e1s fuertes en horas de la tarde de este viernes y recomend\u00f3 a [&hellip;]<\/p>\n","protected":false},"author":1,"featured_media":0,"comment_status":"open","ping_status":"open","sticky":false,"template":"","format":"standard","meta":{"_bbp_topic_count":0,"_bbp_reply_count":0,"_bbp_total_topic_count":0,"_bbp_total_reply_count":0,"_bbp_voice_count":0,"_bbp_anonymous_reply_count":0,"_bbp_topic_count_hidden":0,"_bbp_reply_count_hidden":0,"_bbp_forum_subforum_count":0,"footnotes":""},"categories":[30,60],"tags":[],"class_list":{"0":"post-313586","1":"post","2":"type-post","3":"status-publish","4":"format-standard","6":"category-actualidad","7":"category-titulares-del-dia"},"_links":{"self":[{"href":"https:\/\/primermomento.com\/index.php?rest_route=\/wp\/v2\/posts\/313586","targetHints":{"allow":["GET"]}}],"collection":[{"href":"https:\/\/primermomento.com\/index.php?rest_route=\/wp\/v2\/posts"}],"about":[{"href":"https:\/\/primermomento.com\/index.php?rest_route=\/wp\/v2\/types\/post"}],"author":[{"embeddable":true,"href":"https:\/\/primermomento.com\/index.php?rest_route=\/wp\/v2\/users\/1"}],"replies":[{"embeddable":true,"href":"https:\/\/primermomento.com\/index.php?rest_route=%2Fwp%2Fv2%2Fcomments&post=313586"}],"version-history":[{"count":1,"href":"https:\/\/primermomento.com\/index.php?rest_route=\/wp\/v2\/posts\/313586\/revisions"}],"predecessor-version":[{"id":313588,"href":"https:\/\/primermomento.com\/index.php?rest_route=\/wp\/v2\/posts\/313586\/revisions\/313588"}],"wp:attachment":[{"href":"https:\/\/primermomento.com\/index.php?rest_route=%2Fwp%2Fv2%2Fmedia&parent=313586"}],"wp:term":[{"taxonomy":"category","embeddable":true,"href":"https:\/\/primermomento.com\/index.php?rest_route=%2Fwp%2Fv2%2Fcategories&post=313586"},{"taxonomy":"post_tag","embeddable":true,"href":"https:\/\/primermomento.com\/index.php?rest_route=%2Fwp%2Fv2%2Ftags&post=313586"}],"curies":[{"name":"wp","href":"https:\/\/api.w.org\/{rel}","templated":true}]}}