{"id":313742,"date":"2019-01-04T15:15:31","date_gmt":"2019-01-04T19:15:31","guid":{"rendered":"http:\/\/primermomento.com\/?p=313742"},"modified":"2019-01-04T15:15:32","modified_gmt":"2019-01-04T19:15:32","slug":"aumenta-a-39-por-ciento-indice-de-desempleo-en-eeuu","status":"publish","type":"post","link":"https:\/\/primermomento.com\/?p=313742","title":{"rendered":"Aumenta a 3,9 por ciento \u00edndice de desempleo en EEUU"},"content":{"rendered":"\n<p>WASHINGTON, Distrito de Columbia.-  El \u00edndice estadounidense de desempleo  subi\u00f3 a 3,9 por ciento en diciembre pasado despu\u00e9s de contabilizar dos  d\u00e9cimas menos en los tres meses anteriores, inform\u00f3 hoy el Departamento  de Trabajo.                         <br>                          <\/p>\n\n\n\n<figure class=\"wp-block-image\"><img loading=\"lazy\" decoding=\"async\" width=\"748\" height=\"498\" src=\"http:\/\/primermomento.com\/wp-content\/uploads\/2017\/07\/subsidio-desempleo.jpg\" alt=\"\" class=\"wp-image-291964\" srcset=\"https:\/\/primermomento.com\/wp-content\/uploads\/2017\/07\/subsidio-desempleo.jpg 748w, https:\/\/primermomento.com\/wp-content\/uploads\/2017\/07\/subsidio-desempleo-300x200.jpg 300w, https:\/\/primermomento.com\/wp-content\/uploads\/2017\/07\/subsidio-desempleo-73x50.jpg 73w, https:\/\/primermomento.com\/wp-content\/uploads\/2017\/07\/subsidio-desempleo-500x333.jpg 500w, https:\/\/primermomento.com\/wp-content\/uploads\/2017\/07\/subsidio-desempleo-280x186.jpg 280w, https:\/\/primermomento.com\/wp-content\/uploads\/2017\/07\/subsidio-desempleo-60x40.jpg 60w, https:\/\/primermomento.com\/wp-content\/uploads\/2017\/07\/subsidio-desempleo-638x425.jpg 638w, https:\/\/primermomento.com\/wp-content\/uploads\/2017\/07\/subsidio-desempleo-118x79.jpg 118w, https:\/\/primermomento.com\/wp-content\/uploads\/2017\/07\/subsidio-desempleo-479x319.jpg 479w\" sizes=\"auto, (max-width: 748px) 100vw, 748px\" \/><\/figure>\n\n\n\n<p>Pese al  incremento del indicador, se crearon 312 mil puestos laborales no  agr\u00edcolas, la mayor cantidad desde febrero \u00faltimo, puntualiz\u00f3 la fuente.<\/p>\n\n\n\n<p>\n De acuerdo con informaciones period\u00edsticas, los expertos en el tema \nvaticinaron para el \u00faltimo mes del a\u00f1o el surgimiento de un n\u00famero de \nplazas inferior al reportado este viernes.<\/p>\n\n\n\n<p> As\u00ed, 2018 concluy\u00f3 con 2,64 millones de empleos creados, lo cual no ocurr\u00eda desde 2015.<\/p>\n\n\n\n<p>\n En tanto, la ganancia salarial promedio por hora ascendi\u00f3 a 27,48 \nd\u00f3lares en diciembre para elevar 3,2 por ciento el repunte anual en las \nremuneraciones, un salto superior al mes previo.<\/p>\n\n\n\n<p> Adem\u00e1s, anot\u00f3 \nel texto, la proporci\u00f3n de personas que se encuentran empleadas o \nbuscando trabajo creci\u00f3 a 63,1 por ciento, dos d\u00e9cimas m\u00e1s que en \nnoviembre.<\/p>\n\n\n\n<p> Grandes n\u00fameros de empleos recientemente anunciados,  escribi\u00f3 esta ma\u00f1ana en su cuenta personal de la red social Twitter el  presidente estadounidense, Donald Trump.<\/p>\n\n\n\n<p style=\"text-align:right\"><em>PL<\/em><br><\/p>\n","protected":false},"excerpt":{"rendered":"<p>WASHINGTON, Distrito de Columbia.- El \u00edndice estadounidense de desempleo subi\u00f3 a 3,9 por ciento en diciembre pasado despu\u00e9s de contabilizar dos d\u00e9cimas menos en los tres meses anteriores, inform\u00f3 hoy el Departamento de Trabajo. Pese al incremento del indicador, se crearon 312 mil puestos laborales no agr\u00edcolas, la mayor cantidad desde febrero \u00faltimo, puntualiz\u00f3 la [&hellip;]<\/p>\n","protected":false},"author":1,"featured_media":0,"comment_status":"open","ping_status":"open","sticky":false,"template":"","format":"standard","meta":{"_bbp_topic_count":0,"_bbp_reply_count":0,"_bbp_total_topic_count":0,"_bbp_total_reply_count":0,"_bbp_voice_count":0,"_bbp_anonymous_reply_count":0,"_bbp_topic_count_hidden":0,"_bbp_reply_count_hidden":0,"_bbp_forum_subforum_count":0,"footnotes":""},"categories":[35,60],"tags":[],"class_list":{"0":"post-313742","1":"post","2":"type-post","3":"status-publish","4":"format-standard","6":"category-economia","7":"category-titulares-del-dia"},"_links":{"self":[{"href":"https:\/\/primermomento.com\/index.php?rest_route=\/wp\/v2\/posts\/313742","targetHints":{"allow":["GET"]}}],"collection":[{"href":"https:\/\/primermomento.com\/index.php?rest_route=\/wp\/v2\/posts"}],"about":[{"href":"https:\/\/primermomento.com\/index.php?rest_route=\/wp\/v2\/types\/post"}],"author":[{"embeddable":true,"href":"https:\/\/primermomento.com\/index.php?rest_route=\/wp\/v2\/users\/1"}],"replies":[{"embeddable":true,"href":"https:\/\/primermomento.com\/index.php?rest_route=%2Fwp%2Fv2%2Fcomments&post=313742"}],"version-history":[{"count":1,"href":"https:\/\/primermomento.com\/index.php?rest_route=\/wp\/v2\/posts\/313742\/revisions"}],"predecessor-version":[{"id":313743,"href":"https:\/\/primermomento.com\/index.php?rest_route=\/wp\/v2\/posts\/313742\/revisions\/313743"}],"wp:attachment":[{"href":"https:\/\/primermomento.com\/index.php?rest_route=%2Fwp%2Fv2%2Fmedia&parent=313742"}],"wp:term":[{"taxonomy":"category","embeddable":true,"href":"https:\/\/primermomento.com\/index.php?rest_route=%2Fwp%2Fv2%2Fcategories&post=313742"},{"taxonomy":"post_tag","embeddable":true,"href":"https:\/\/primermomento.com\/index.php?rest_route=%2Fwp%2Fv2%2Ftags&post=313742"}],"curies":[{"name":"wp","href":"https:\/\/api.w.org\/{rel}","templated":true}]}}