{"id":314236,"date":"2019-01-16T19:30:31","date_gmt":"2019-01-16T23:30:31","guid":{"rendered":"http:\/\/primermomento.com\/?p=314236"},"modified":"2019-01-16T20:21:22","modified_gmt":"2019-01-17T00:21:22","slug":"violencia-y-muertes-acaparan-titulares-en-inicio-de-ano","status":"publish","type":"post","link":"https:\/\/primermomento.com\/?p=314236","title":{"rendered":"Violencia y muertes acaparan titulares en inicio de a\u00f1o 2019"},"content":{"rendered":"\n<p> SANTO DOMINGO, Rep\u00fablica Dominicana.- Violencia y muertes acaparan titulares en  la Rep\u00fablica Dominicana cuando pr\u00e1cticamente se inicia el 2019,  cuesti\u00f3n que preocupa hoy a la poblaci\u00f3n y a las autoridades del pa\u00eds.                         <br>                          <\/p>\n\n\n\n<figure class=\"wp-block-image\"><img loading=\"lazy\" decoding=\"async\" width=\"680\" height=\"451\" src=\"http:\/\/primermomento.com\/wp-content\/uploads\/2019\/01\/ALDRIN-BAUTISTA.jpeg\" alt=\"\" class=\"wp-image-313942\" srcset=\"https:\/\/primermomento.com\/wp-content\/uploads\/2019\/01\/ALDRIN-BAUTISTA.jpeg 680w, https:\/\/primermomento.com\/wp-content\/uploads\/2019\/01\/ALDRIN-BAUTISTA-300x199.jpeg 300w, https:\/\/primermomento.com\/wp-content\/uploads\/2019\/01\/ALDRIN-BAUTISTA-500x332.jpeg 500w, https:\/\/primermomento.com\/wp-content\/uploads\/2019\/01\/ALDRIN-BAUTISTA-280x186.jpeg 280w, https:\/\/primermomento.com\/wp-content\/uploads\/2019\/01\/ALDRIN-BAUTISTA-60x40.jpeg 60w, https:\/\/primermomento.com\/wp-content\/uploads\/2019\/01\/ALDRIN-BAUTISTA-638x423.jpeg 638w, https:\/\/primermomento.com\/wp-content\/uploads\/2019\/01\/ALDRIN-BAUTISTA-118x78.jpeg 118w, https:\/\/primermomento.com\/wp-content\/uploads\/2019\/01\/ALDRIN-BAUTISTA-479x318.jpeg 479w, https:\/\/primermomento.com\/wp-content\/uploads\/2019\/01\/ALDRIN-BAUTISTA-153x100.jpeg 153w\" sizes=\"auto, (max-width: 680px) 100vw, 680px\" \/><figcaption>Aldr\u00edn Bautista, director general de la PN lament\u00f3 la muerte del coronel  Daniel Ramos Alvarez, en Ban\u00ed. Foto | Fuente externa.<\/figcaption><\/figure>\n\n\n\n<p>El pasado lunes  medios locales dieron a conocer el hallazgo dentro de una camioneta en  la carretera Higuera-Cacata, provincia La Romana, de tres cad\u00e1veres  calcinados, y cerca del lugar el cuerpo de otra persona con un impacto  de bala.<\/p>\n\n\n\n<p> Tambi\u00e9n se hacen eco de que hace apenas 48 horas cinco \nj\u00f3venes con edades que van de los 17 hasta los 22 a\u00f1os, perdieron la \nvida de forma violenta en el Distrito Nacional y en el municipio de \nHaina, provincia San Crist\u00f3bal.<\/p>\n\n\n\n<p> El pasado 12 de enero fue \nasesinado un hermano del arzobispo metropolitano de la Arquidi\u00f3cesis de \nSantiago, monse\u00f1or Freddy de Jes\u00fas Bret\u00f3n, para despojarlo de una \nmotocicleta en la que viajaba por la carretera Moca-Licey.<\/p>\n\n\n\n<p> \nAsimismo, las muertes por ajustes de cuentas y narcotr\u00e1fico al parecer \nest\u00e1n de regreso, y en las \u00faltimas dos semanas, se produjeron por lo \nmenos 13, entre ellas, la de un coronel de la polic\u00eda que se dice hac\u00eda \nlabores de inteligencia en Ban\u00ed, provincia de Peravia.<\/p>\n\n\n\n<p> El \ncoronel Daniel Ramos muri\u00f3 a manos de un supuesto narcotraficante el \ncual tiene cinco sometimientos en la Direcci\u00f3n Nacional de Control de \nDrogas y el lugar donde se venden los narc\u00f3ticos fue intervenido en 20 \nocasiones.<\/p>\n\n\n\n<p> Horas antes del inicio de este a\u00f1o fue asesinado un \nmatrimonio en Arenoso, provincia Duarte y tambi\u00e9n en el municipio Guerra\n de Santo Domingo se hallaron con m\u00faltiples heridas de bala dentro de \nuna camioneta los cad\u00e1veres de cuatro personas.<\/p>\n\n\n\n<p> A todo lo \nanterior deben agregarse los atracos y despojos de pertenencias a \npersonas que ocurren en las calles de las ciudades del pa\u00eds y en los \nbarrios, donde ni los elitistas de la capital escapan de esas acciones.<\/p>\n\n\n\n<p>\n La mayor\u00eda de esos actos son realizados por j\u00f3venes delincuentes \nquienes se desplazan en motocicletas, precisa la polic\u00eda, pero lo cierto\n es que no hay hora, puede ser de d\u00eda o de noche y existen lugares donde\n sus pobladores, medio en broma y medio en serio, colgaron carteles \ndonde se lee: Zona de Atracos.<\/p>\n\n\n\n<p> La situaci\u00f3n es tal, que la \nPolic\u00eda Nacional instruy\u00f3 hace apenas un par de d\u00edas a sus efectivos \nsobre el reforzamiento de los servicios preventivos y operativos para \npreservar el orden p\u00fablico.<\/p>\n\n\n\n<p> De igual manera, su director, el \nmayor general Ney Aldrin Bautista, trat\u00f3 con el alto mando policial \nnuevas estrategias a implementar con el fin de incrementar la lucha \nefectiva contra el microtr\u00e1fico y as\u00ed garantizar la paz y la \ntranquilidad de la ciudadan\u00eda.<\/p>\n\n\n\n<p> Adem\u00e1s, fueron anunciados \ncambios, reemplazos y designaciones en los departamentos de la \ninstituci\u00f3n en el Distrito Nacional, el Gran Santo Domingo, las \nprovincias de Santiago, Dajab\u00f3n, Azua y otras localidades del pa\u00eds.<\/p>\n\n\n\n<p>\n A la par, fue designado un nuevo director de Antipandillas, se trata \ndel coronel Salustiano Tineo Matos, en sustituci\u00f3n del general de \nbrigada Mario Morales.<\/p>\n\n\n\n<p> Todo lo anterior expone el panorama con \nel cual dio inicio este a\u00f1o preelectoral donde de por s\u00ed, el pa\u00eds \nnecesita tranquilidad para enfrentar lo que se avecina en materia \npol\u00edtica.<\/p>\n\n\n\n<p> Detener la ola de violencia supone un imperativo para \nlas autoridades y sobre todo, tratar de atacar las causas, cosa m\u00e1s \ncomplicada para esta sociedad.    Por el momento, las alarmas est\u00e1n \nencendidas y se aprecia el inter\u00e9s por emprender acciones para \ngarantizar el orden p\u00fabico.<\/p>\n\n\n\n<p> Los movimientos sociales tambi\u00e9n  comienzan a movilizarse y exigir al Gobierno que tome cartas en el  asunto para detener el impulso de los delitos y tratar que ese flagelo  no se convierta en tendencia. Ojal\u00e1 as\u00ed sea pero es una tarea compleja y  de toda la sociedad. <\/p>\n\n\n\n<p style=\"text-align:right\"> Edilberto F. M\u00e9ndez Amador\/<em>PL<\/em> <\/p>\n","protected":false},"excerpt":{"rendered":"<p>SANTO DOMINGO, Rep\u00fablica Dominicana.- Violencia y muertes acaparan titulares en la Rep\u00fablica Dominicana cuando pr\u00e1cticamente se inicia el 2019, cuesti\u00f3n que preocupa hoy a la poblaci\u00f3n y a las autoridades del pa\u00eds. El pasado lunes medios locales dieron a conocer el hallazgo dentro de una camioneta en la carretera Higuera-Cacata, provincia La Romana, de tres [&hellip;]<\/p>\n","protected":false},"author":1,"featured_media":0,"comment_status":"open","ping_status":"open","sticky":false,"template":"","format":"standard","meta":{"_bbp_topic_count":0,"_bbp_reply_count":0,"_bbp_total_topic_count":0,"_bbp_total_reply_count":0,"_bbp_voice_count":0,"_bbp_anonymous_reply_count":0,"_bbp_topic_count_hidden":0,"_bbp_reply_count_hidden":0,"_bbp_forum_subforum_count":0,"footnotes":""},"categories":[60,32],"tags":[],"class_list":{"0":"post-314236","1":"post","2":"type-post","3":"status-publish","4":"format-standard","6":"category-titulares-del-dia","7":"category-lo-ultimo"},"_links":{"self":[{"href":"https:\/\/primermomento.com\/index.php?rest_route=\/wp\/v2\/posts\/314236","targetHints":{"allow":["GET"]}}],"collection":[{"href":"https:\/\/primermomento.com\/index.php?rest_route=\/wp\/v2\/posts"}],"about":[{"href":"https:\/\/primermomento.com\/index.php?rest_route=\/wp\/v2\/types\/post"}],"author":[{"embeddable":true,"href":"https:\/\/primermomento.com\/index.php?rest_route=\/wp\/v2\/users\/1"}],"replies":[{"embeddable":true,"href":"https:\/\/primermomento.com\/index.php?rest_route=%2Fwp%2Fv2%2Fcomments&post=314236"}],"version-history":[{"count":2,"href":"https:\/\/primermomento.com\/index.php?rest_route=\/wp\/v2\/posts\/314236\/revisions"}],"predecessor-version":[{"id":314278,"href":"https:\/\/primermomento.com\/index.php?rest_route=\/wp\/v2\/posts\/314236\/revisions\/314278"}],"wp:attachment":[{"href":"https:\/\/primermomento.com\/index.php?rest_route=%2Fwp%2Fv2%2Fmedia&parent=314236"}],"wp:term":[{"taxonomy":"category","embeddable":true,"href":"https:\/\/primermomento.com\/index.php?rest_route=%2Fwp%2Fv2%2Fcategories&post=314236"},{"taxonomy":"post_tag","embeddable":true,"href":"https:\/\/primermomento.com\/index.php?rest_route=%2Fwp%2Fv2%2Ftags&post=314236"}],"curies":[{"name":"wp","href":"https:\/\/api.w.org\/{rel}","templated":true}]}}