{"id":314270,"date":"2019-01-16T19:53:52","date_gmt":"2019-01-16T23:53:52","guid":{"rendered":"http:\/\/primermomento.com\/?p=314270"},"modified":"2019-01-16T19:53:54","modified_gmt":"2019-01-16T23:53:54","slug":"bani-trasladan-al-general-brown-perez-a-otra-regional","status":"publish","type":"post","link":"https:\/\/primermomento.com\/?p=314270","title":{"rendered":"BAN\u00cd | Trasladan al general Brown P\u00e9rez a otra regional"},"content":{"rendered":"\n<p>BAN\u00cd, Rep\u00fablica Dominicana.- El director de la regional sur central de la Polic\u00eda Nacional, general Juan Ger\u00f3nimo Brown P\u00e9rez, fue trasladado de esta comandancia a la dotaci\u00f3n de la sureste, en una de las \u00faltimas movidas de mata del alto mando del cuerpo del orden p\u00fablico.<\/p>\n\n\n\n<figure class=\"wp-block-image\"><img loading=\"lazy\" decoding=\"async\" width=\"1024\" height=\"550\" src=\"http:\/\/primermomento.com\/wp-content\/uploads\/2019\/01\/General-Juan-Geronimo-Brown-Perez-1024x550.jpeg\" alt=\"\" class=\"wp-image-314271\" srcset=\"https:\/\/primermomento.com\/wp-content\/uploads\/2019\/01\/General-Juan-Geronimo-Brown-Perez.jpeg 1024w, https:\/\/primermomento.com\/wp-content\/uploads\/2019\/01\/General-Juan-Geronimo-Brown-Perez-300x161.jpeg 300w, https:\/\/primermomento.com\/wp-content\/uploads\/2019\/01\/General-Juan-Geronimo-Brown-Perez-768x413.jpeg 768w, https:\/\/primermomento.com\/wp-content\/uploads\/2019\/01\/General-Juan-Geronimo-Brown-Perez-500x269.jpeg 500w, https:\/\/primermomento.com\/wp-content\/uploads\/2019\/01\/General-Juan-Geronimo-Brown-Perez-280x150.jpeg 280w, https:\/\/primermomento.com\/wp-content\/uploads\/2019\/01\/General-Juan-Geronimo-Brown-Perez-638x343.jpeg 638w, https:\/\/primermomento.com\/wp-content\/uploads\/2019\/01\/General-Juan-Geronimo-Brown-Perez-118x63.jpeg 118w, https:\/\/primermomento.com\/wp-content\/uploads\/2019\/01\/General-Juan-Geronimo-Brown-Perez-479x257.jpeg 479w\" sizes=\"auto, (max-width: 1024px) 100vw, 1024px\" \/><figcaption>General Juan Ger\u00f3nimo Brown P\u00e9rez. FOTO | Fuente externa<\/figcaption><\/figure>\n\n\n\n<p>A Brown P\u00e9rez lo reemplaza el general de brigada Eduardo Alberto Then para comandar las provincias San Cristobal, Peravia y Azua.<\/p>\n\n\n\n<p>El traslado de Brown P\u00e9rez ocurre luego de que la pasada semana fuera asesinado en esta ciudad el coronel Daniel Ramos Alvarez, quien era el comandante de la Polic\u00eda Preventiva.<\/p>\n\n\n\n<p>La Polic\u00eda Nacional confirm\u00f3 el reporte a trav\u00e9s de su cuenta en la red social Twitter.<\/p>\n\n\n\n<p style=\"text-align:right\">PrimerMomento<\/p>\n","protected":false},"excerpt":{"rendered":"<p>BAN\u00cd, Rep\u00fablica Dominicana.- El director de la regional sur central de la Polic\u00eda Nacional, general Juan Ger\u00f3nimo Brown P\u00e9rez, fue trasladado de esta comandancia a la dotaci\u00f3n de la sureste, en una de las \u00faltimas movidas de mata del alto mando del cuerpo del orden p\u00fablico. A Brown P\u00e9rez lo reemplaza el general de brigada [&hellip;]<\/p>\n","protected":false},"author":1,"featured_media":0,"comment_status":"open","ping_status":"open","sticky":false,"template":"","format":"standard","meta":{"_bbp_topic_count":0,"_bbp_reply_count":0,"_bbp_total_topic_count":0,"_bbp_total_reply_count":0,"_bbp_voice_count":0,"_bbp_anonymous_reply_count":0,"_bbp_topic_count_hidden":0,"_bbp_reply_count_hidden":0,"_bbp_forum_subforum_count":0,"footnotes":""},"categories":[30,60],"tags":[],"class_list":{"0":"post-314270","1":"post","2":"type-post","3":"status-publish","4":"format-standard","6":"category-actualidad","7":"category-titulares-del-dia"},"_links":{"self":[{"href":"https:\/\/primermomento.com\/index.php?rest_route=\/wp\/v2\/posts\/314270","targetHints":{"allow":["GET"]}}],"collection":[{"href":"https:\/\/primermomento.com\/index.php?rest_route=\/wp\/v2\/posts"}],"about":[{"href":"https:\/\/primermomento.com\/index.php?rest_route=\/wp\/v2\/types\/post"}],"author":[{"embeddable":true,"href":"https:\/\/primermomento.com\/index.php?rest_route=\/wp\/v2\/users\/1"}],"replies":[{"embeddable":true,"href":"https:\/\/primermomento.com\/index.php?rest_route=%2Fwp%2Fv2%2Fcomments&post=314270"}],"version-history":[{"count":1,"href":"https:\/\/primermomento.com\/index.php?rest_route=\/wp\/v2\/posts\/314270\/revisions"}],"predecessor-version":[{"id":314272,"href":"https:\/\/primermomento.com\/index.php?rest_route=\/wp\/v2\/posts\/314270\/revisions\/314272"}],"wp:attachment":[{"href":"https:\/\/primermomento.com\/index.php?rest_route=%2Fwp%2Fv2%2Fmedia&parent=314270"}],"wp:term":[{"taxonomy":"category","embeddable":true,"href":"https:\/\/primermomento.com\/index.php?rest_route=%2Fwp%2Fv2%2Fcategories&post=314270"},{"taxonomy":"post_tag","embeddable":true,"href":"https:\/\/primermomento.com\/index.php?rest_route=%2Fwp%2Fv2%2Ftags&post=314270"}],"curies":[{"name":"wp","href":"https:\/\/api.w.org\/{rel}","templated":true}]}}