{"id":314273,"date":"2019-01-16T20:03:40","date_gmt":"2019-01-17T00:03:40","guid":{"rendered":"http:\/\/primermomento.com\/?p=314273"},"modified":"2019-01-16T20:03:42","modified_gmt":"2019-01-17T00:03:42","slug":"bani-interrogaran-al-supuesto-hermano-de-el-buche","status":"publish","type":"post","link":"https:\/\/primermomento.com\/?p=314273","title":{"rendered":"BAN\u00cd | Interrogar\u00e1n al supuesto hermano de El Buche"},"content":{"rendered":"\n<p> BAN\u00cd, Rep\u00fablica Dominicana.- El ministro de Interior y Polic\u00eda, Ram\u00f3n Fadul, prometi\u00f3 que investigar\u00e1n al supuesto hermano de Rafael Antonio D\u00edaz, al\u00edas El Buche, que expres\u00f3 la droga se vende como una mercanc\u00eda de libre mercado, en esta ciudad.<\/p>\n\n\n\n<figure class=\"wp-block-image\"><img loading=\"lazy\" decoding=\"async\" width=\"680\" height=\"374\" src=\"http:\/\/primermomento.com\/wp-content\/uploads\/2019\/01\/Jes\u00fas-Pe\u00f1a.jpeg\" alt=\"\" class=\"wp-image-314182\" srcset=\"https:\/\/primermomento.com\/wp-content\/uploads\/2019\/01\/Jes\u00fas-Pe\u00f1a.jpeg 680w, https:\/\/primermomento.com\/wp-content\/uploads\/2019\/01\/Jes\u00fas-Pe\u00f1a-300x165.jpeg 300w, https:\/\/primermomento.com\/wp-content\/uploads\/2019\/01\/Jes\u00fas-Pe\u00f1a-216x120.jpeg 216w, https:\/\/primermomento.com\/wp-content\/uploads\/2019\/01\/Jes\u00fas-Pe\u00f1a-500x275.jpeg 500w, https:\/\/primermomento.com\/wp-content\/uploads\/2019\/01\/Jes\u00fas-Pe\u00f1a-280x154.jpeg 280w, https:\/\/primermomento.com\/wp-content\/uploads\/2019\/01\/Jes\u00fas-Pe\u00f1a-638x351.jpeg 638w, https:\/\/primermomento.com\/wp-content\/uploads\/2019\/01\/Jes\u00fas-Pe\u00f1a-118x65.jpeg 118w, https:\/\/primermomento.com\/wp-content\/uploads\/2019\/01\/Jes\u00fas-Pe\u00f1a-479x263.jpeg 479w\" sizes=\"auto, (max-width: 680px) 100vw, 680px\" \/><figcaption>Jes\u00fas Pe\u00f1a. FOTO | Fuente externa.<\/figcaption><\/figure>\n\n\n\n<p>Medios digitales nacionales se\u00f1alaron que el ministro Fadul ha considerado las declaraciones del individuo que se identific\u00f3 como Jes\u00fas Pe\u00f1a como bastante fuertes y que no pueden quedar en el aire.<\/p>\n\n\n\n<p>Por su parte, el vicepresidente ejecutivo de la Fundaci\u00f3n Institucionalidad y Justicia (Finjus), Servio Tulio Casta\u00f1os, manifest\u00f3 que la situaci\u00f3n en Ban\u00ed es producto de la impunidad. <\/p>\n\n\n\n<p>Casta\u00f1os critic\u00f3 el hecho de que el punto de drogas hab\u00eda sido cerrado en innumerables ocasiones, seg\u00fan inform\u00f3 la Direcci\u00f3n Nacional de Control de Drogas, y a\u00fan as\u00ed continuaba operando.<\/p>\n\n\n\n<p>Explic\u00f3 que si el punto de drogas de El Buche continuaba operando era en \u201ccomplicidad de las autoridades\u201d.<\/p>\n\n\n\n<p>Jes\u00fas Pe\u00f1a ha dicho que la venta de drogas en Ban\u00ed es algo \u201cp\u00fablico\u201d que todo el mundo sabe cu\u00e1les son y d\u00f3nde est\u00e1n. <\/p>\n\n\n\n<p>\u00abEs una pr\u00e1ctica recurrente que los due\u00f1os de puntos boicoteen a otros vendedores para ganar terreno\u00bb, agreg\u00f3 Pe\u00f1a.<\/p>\n\n\n\n<p style=\"text-align:right\">PrimerMomento<\/p>\n","protected":false},"excerpt":{"rendered":"<p>BAN\u00cd, Rep\u00fablica Dominicana.- El ministro de Interior y Polic\u00eda, Ram\u00f3n Fadul, prometi\u00f3 que investigar\u00e1n al supuesto hermano de Rafael Antonio D\u00edaz, al\u00edas El Buche, que expres\u00f3 la droga se vende como una mercanc\u00eda de libre mercado, en esta ciudad. Medios digitales nacionales se\u00f1alaron que el ministro Fadul ha considerado las declaraciones del individuo que se [&hellip;]<\/p>\n","protected":false},"author":1,"featured_media":0,"comment_status":"open","ping_status":"open","sticky":false,"template":"","format":"standard","meta":{"_bbp_topic_count":0,"_bbp_reply_count":0,"_bbp_total_topic_count":0,"_bbp_total_reply_count":0,"_bbp_voice_count":0,"_bbp_anonymous_reply_count":0,"_bbp_topic_count_hidden":0,"_bbp_reply_count_hidden":0,"_bbp_forum_subforum_count":0,"footnotes":""},"categories":[60,32],"tags":[],"class_list":{"0":"post-314273","1":"post","2":"type-post","3":"status-publish","4":"format-standard","6":"category-titulares-del-dia","7":"category-lo-ultimo"},"_links":{"self":[{"href":"https:\/\/primermomento.com\/index.php?rest_route=\/wp\/v2\/posts\/314273","targetHints":{"allow":["GET"]}}],"collection":[{"href":"https:\/\/primermomento.com\/index.php?rest_route=\/wp\/v2\/posts"}],"about":[{"href":"https:\/\/primermomento.com\/index.php?rest_route=\/wp\/v2\/types\/post"}],"author":[{"embeddable":true,"href":"https:\/\/primermomento.com\/index.php?rest_route=\/wp\/v2\/users\/1"}],"replies":[{"embeddable":true,"href":"https:\/\/primermomento.com\/index.php?rest_route=%2Fwp%2Fv2%2Fcomments&post=314273"}],"version-history":[{"count":1,"href":"https:\/\/primermomento.com\/index.php?rest_route=\/wp\/v2\/posts\/314273\/revisions"}],"predecessor-version":[{"id":314274,"href":"https:\/\/primermomento.com\/index.php?rest_route=\/wp\/v2\/posts\/314273\/revisions\/314274"}],"wp:attachment":[{"href":"https:\/\/primermomento.com\/index.php?rest_route=%2Fwp%2Fv2%2Fmedia&parent=314273"}],"wp:term":[{"taxonomy":"category","embeddable":true,"href":"https:\/\/primermomento.com\/index.php?rest_route=%2Fwp%2Fv2%2Fcategories&post=314273"},{"taxonomy":"post_tag","embeddable":true,"href":"https:\/\/primermomento.com\/index.php?rest_route=%2Fwp%2Fv2%2Ftags&post=314273"}],"curies":[{"name":"wp","href":"https:\/\/api.w.org\/{rel}","templated":true}]}}