{"id":314275,"date":"2019-01-16T20:17:28","date_gmt":"2019-01-17T00:17:28","guid":{"rendered":"http:\/\/primermomento.com\/?p=314275"},"modified":"2019-01-16T20:20:20","modified_gmt":"2019-01-17T00:20:20","slug":"bani-defensa-de-buche-asegura-jesus-pena-no-es-su-hermano","status":"publish","type":"post","link":"https:\/\/primermomento.com\/?p=314275","title":{"rendered":"BAN\u00cd | Defensa de Buche asegura Jes\u00fas Pe\u00f1a no es su hermano"},"content":{"rendered":"\n<p> BAN\u00cd, Rep\u00fablica Dominicana.- El abogado Jorge de los Santos, el defensor del principal sospechoso de la muerte del coronel Daniel Ramos Alvarez, desminti\u00f3 que Jes\u00fas Pe\u00f1a sea hermano de Rafael Antonio D\u00edaz, alias El Buche.<\/p>\n\n\n\n<figure class=\"wp-block-image\"><img loading=\"lazy\" decoding=\"async\" width=\"636\" height=\"342\" src=\"http:\/\/primermomento.com\/wp-content\/uploads\/2019\/01\/Rafael-Antonio-D\u00edaz-alias-El-Buche.jpg\" alt=\"\" class=\"wp-image-314276\" srcset=\"https:\/\/primermomento.com\/wp-content\/uploads\/2019\/01\/Rafael-Antonio-D\u00edaz-alias-El-Buche.jpg 636w, https:\/\/primermomento.com\/wp-content\/uploads\/2019\/01\/Rafael-Antonio-D\u00edaz-alias-El-Buche-300x161.jpg 300w, https:\/\/primermomento.com\/wp-content\/uploads\/2019\/01\/Rafael-Antonio-D\u00edaz-alias-El-Buche-500x269.jpg 500w, https:\/\/primermomento.com\/wp-content\/uploads\/2019\/01\/Rafael-Antonio-D\u00edaz-alias-El-Buche-280x151.jpg 280w, https:\/\/primermomento.com\/wp-content\/uploads\/2019\/01\/Rafael-Antonio-D\u00edaz-alias-El-Buche-118x63.jpg 118w, https:\/\/primermomento.com\/wp-content\/uploads\/2019\/01\/Rafael-Antonio-D\u00edaz-alias-El-Buche-479x258.jpg 479w\" sizes=\"auto, (max-width: 636px) 100vw, 636px\" \/><figcaption> Rafael Antonio D\u00edaz, alias El Buche<\/figcaption><\/figure>\n\n\n\n<p>De Los Santos asegur\u00f3 que este sujeto no es hermano de su defendido y dijo que si quieren comprobar que todo es un invento, que investiguen bien la procedencia de Jes\u00fas Pe\u00f1a.<\/p>\n\n\n\n<p>El representante legal de El Buche manifest\u00f3 que si Pe\u00f1a buscaba notoriedad en toda la geograf\u00eda nacional, lo logr\u00f3 a ra\u00edz de estas sensacionales revelaciones.<\/p>\n\n\n\n<p>\u00abSi alguien quiere someter a este impostor lo puede hacer\u00bb, dijo, aunque solo se limit\u00f3 a decir \u00abni yo, como abogado, ni los familiares de Rafael Antonio D\u00edaz, al\u00edas El Buche\u00bb, lo autorizaron para dar esas declaraciones a la prensa ya que no tienen ning\u00fan v\u00ednculo con \u00e9l.<\/p>\n\n\n\n<p>Este viernes ser\u00e1 la audiencia en el Tribunal de la Atenci\u00f3n Permanente que conocer\u00e1 medidas de coerci\u00f3n a tres sospechosos de haber participado en la muerte a tiros del coronel Daniel Ramos Alvarez.<\/p>\n\n\n\n<p style=\"text-align:right\">PrimerMomento<\/p>\n","protected":false},"excerpt":{"rendered":"<p>BAN\u00cd, Rep\u00fablica Dominicana.- El abogado Jorge de los Santos, el defensor del principal sospechoso de la muerte del coronel Daniel Ramos Alvarez, desminti\u00f3 que Jes\u00fas Pe\u00f1a sea hermano de Rafael Antonio D\u00edaz, alias El Buche. De Los Santos asegur\u00f3 que este sujeto no es hermano de su defendido y dijo que si quieren comprobar que [&hellip;]<\/p>\n","protected":false},"author":1,"featured_media":0,"comment_status":"open","ping_status":"open","sticky":false,"template":"","format":"standard","meta":{"_bbp_topic_count":0,"_bbp_reply_count":0,"_bbp_total_topic_count":0,"_bbp_total_reply_count":0,"_bbp_voice_count":0,"_bbp_anonymous_reply_count":0,"_bbp_topic_count_hidden":0,"_bbp_reply_count_hidden":0,"_bbp_forum_subforum_count":0,"footnotes":""},"categories":[30,60],"tags":[],"class_list":{"0":"post-314275","1":"post","2":"type-post","3":"status-publish","4":"format-standard","6":"category-actualidad","7":"category-titulares-del-dia"},"_links":{"self":[{"href":"https:\/\/primermomento.com\/index.php?rest_route=\/wp\/v2\/posts\/314275","targetHints":{"allow":["GET"]}}],"collection":[{"href":"https:\/\/primermomento.com\/index.php?rest_route=\/wp\/v2\/posts"}],"about":[{"href":"https:\/\/primermomento.com\/index.php?rest_route=\/wp\/v2\/types\/post"}],"author":[{"embeddable":true,"href":"https:\/\/primermomento.com\/index.php?rest_route=\/wp\/v2\/users\/1"}],"replies":[{"embeddable":true,"href":"https:\/\/primermomento.com\/index.php?rest_route=%2Fwp%2Fv2%2Fcomments&post=314275"}],"version-history":[{"count":1,"href":"https:\/\/primermomento.com\/index.php?rest_route=\/wp\/v2\/posts\/314275\/revisions"}],"predecessor-version":[{"id":314277,"href":"https:\/\/primermomento.com\/index.php?rest_route=\/wp\/v2\/posts\/314275\/revisions\/314277"}],"wp:attachment":[{"href":"https:\/\/primermomento.com\/index.php?rest_route=%2Fwp%2Fv2%2Fmedia&parent=314275"}],"wp:term":[{"taxonomy":"category","embeddable":true,"href":"https:\/\/primermomento.com\/index.php?rest_route=%2Fwp%2Fv2%2Fcategories&post=314275"},{"taxonomy":"post_tag","embeddable":true,"href":"https:\/\/primermomento.com\/index.php?rest_route=%2Fwp%2Fv2%2Ftags&post=314275"}],"curies":[{"name":"wp","href":"https:\/\/api.w.org\/{rel}","templated":true}]}}