{"id":314280,"date":"2019-01-17T15:36:00","date_gmt":"2019-01-17T19:36:00","guid":{"rendered":"http:\/\/primermomento.com\/?p=314280"},"modified":"2019-01-17T15:36:02","modified_gmt":"2019-01-17T19:36:02","slug":"bani-dejan-en-libertad-a-primo-hermano-de-el-buche","status":"publish","type":"post","link":"https:\/\/primermomento.com\/?p=314280","title":{"rendered":"BAN\u00cd | Dejan en libertad a primo hermano de El Buche"},"content":{"rendered":"\n<p> BAN\u00cd, Rep\u00fablica Dominicana.- El primo hermano de uno de los implicados en la muerte de un coronel de la Polic\u00eda Nacional en esta cuidad, fue dejado en libertad y escoltado hasta su casa por agentes del orden p\u00fablico luego de que fuera entregado por un sacerdote del Obispado de Ban\u00ed, informaron las autoridades. <\/p>\n\n\n\n<figure class=\"wp-block-image\"><img loading=\"lazy\" decoding=\"async\" width=\"696\" height=\"382\" src=\"http:\/\/primermomento.com\/wp-content\/uploads\/2019\/01\/Juan-Pe\u00f1a-y-detencion.jpg\" alt=\"\" class=\"wp-image-314281\" srcset=\"https:\/\/primermomento.com\/wp-content\/uploads\/2019\/01\/Juan-Pe\u00f1a-y-detencion.jpg 696w, https:\/\/primermomento.com\/wp-content\/uploads\/2019\/01\/Juan-Pe\u00f1a-y-detencion-300x165.jpg 300w, https:\/\/primermomento.com\/wp-content\/uploads\/2019\/01\/Juan-Pe\u00f1a-y-detencion-216x120.jpg 216w, https:\/\/primermomento.com\/wp-content\/uploads\/2019\/01\/Juan-Pe\u00f1a-y-detencion-500x274.jpg 500w, https:\/\/primermomento.com\/wp-content\/uploads\/2019\/01\/Juan-Pe\u00f1a-y-detencion-280x154.jpg 280w, https:\/\/primermomento.com\/wp-content\/uploads\/2019\/01\/Juan-Pe\u00f1a-y-detencion-638x350.jpg 638w, https:\/\/primermomento.com\/wp-content\/uploads\/2019\/01\/Juan-Pe\u00f1a-y-detencion-118x65.jpg 118w, https:\/\/primermomento.com\/wp-content\/uploads\/2019\/01\/Juan-Pe\u00f1a-y-detencion-479x263.jpg 479w\" sizes=\"auto, (max-width: 696px) 100vw, 696px\" \/><figcaption> Jes\u00fas Pe\u00f1a, primo hermano de Rafael Antonio D\u00edaz, al\u00edas \u201cEl Buche\u201d <\/figcaption><\/figure>\n\n\n\n<p>Jes\u00fas Pe\u00f1a, primo hermano de Rafael Antonio D\u00edaz, al\u00edas \u201cEl Buche\u201d, quien hab\u00eda denunciado que la muerte de Daniel Ramos \u00c1lvarez, se debi\u00f3 a un plan orquestado por agentes policiales en conjunto con due\u00f1os de puntos de drogas para sacar a su pariente del negocio de venta de narc\u00f3ticos.<\/p>\n\n\n\n<p>Le podr\u00eda interesar: \u201cAl coronel lo vendieron, eso fue una encerrona del narcotr\u00e1fico\u201d, dijo el senador Wilton Guerrero<\/p>\n\n\n\n<p>Al ser cuestionado por periodistas a su salida del Palacio de Justicia de  Peravia, Pe\u00f1a solamente dijo que lo dejaron en libertad y que agentes policiales lo escoltar\u00e1n hasta su casa por motivos de seguridad.<\/p>\n\n\n\n<p>El ministro de Interior y Polic\u00eda, Jos\u00e9 Ram\u00f3n Fadul, declar\u00f3 el primo hermano de \u00abEl Buche\u00bb ser\u00eda investigado en torno a la denuncia de que agentes de la Polic\u00eda Nacional y del DNCD y due\u00f1os de puntos de drogas estar\u00edan vinculados al homicidio del coronel Ramos \u00c1lvarez, en ese entonces fung\u00eda como comandante de la Polic\u00eda Preventiva.<\/p>\n\n\n\n<p>\u00abLa droga circula libremente y los agentes que andan con el coronel el d\u00eda de su muerte deb\u00edan ser investigados\u00bb, declar\u00f3 Jes\u00fas Pe\u00f1a.<\/p>\n\n\n\n<p>\u201cEsos dos polic\u00edas que estaban ah\u00ed, que andaban con \u00e9l, esos son dos traidores, que lo hicieron compuesto con los otros puntos (de venta de venta de drogas)\u201d, agreg\u00f3 el primo hermano del sospechoso Rafael Antonio D\u00edaz, quien este viernes ser\u00e1 llevado ante el Tribunal de la Atenci\u00f3n Permanente que en una audiencia conocer\u00e1 medidas de coerci\u00f3n.<\/p>\n\n\n\n<p style=\"text-align:right\">PrimerMomento<\/p>\n","protected":false},"excerpt":{"rendered":"<p>BAN\u00cd, Rep\u00fablica Dominicana.- El primo hermano de uno de los implicados en la muerte de un coronel de la Polic\u00eda Nacional en esta cuidad, fue dejado en libertad y escoltado hasta su casa por agentes del orden p\u00fablico luego de que fuera entregado por un sacerdote del Obispado de Ban\u00ed, informaron las autoridades. Jes\u00fas Pe\u00f1a, [&hellip;]<\/p>\n","protected":false},"author":1,"featured_media":0,"comment_status":"open","ping_status":"open","sticky":false,"template":"","format":"standard","meta":{"_bbp_topic_count":0,"_bbp_reply_count":0,"_bbp_total_topic_count":0,"_bbp_total_reply_count":0,"_bbp_voice_count":0,"_bbp_anonymous_reply_count":0,"_bbp_topic_count_hidden":0,"_bbp_reply_count_hidden":0,"_bbp_forum_subforum_count":0,"footnotes":""},"categories":[30,60],"tags":[],"class_list":{"0":"post-314280","1":"post","2":"type-post","3":"status-publish","4":"format-standard","6":"category-actualidad","7":"category-titulares-del-dia"},"_links":{"self":[{"href":"https:\/\/primermomento.com\/index.php?rest_route=\/wp\/v2\/posts\/314280","targetHints":{"allow":["GET"]}}],"collection":[{"href":"https:\/\/primermomento.com\/index.php?rest_route=\/wp\/v2\/posts"}],"about":[{"href":"https:\/\/primermomento.com\/index.php?rest_route=\/wp\/v2\/types\/post"}],"author":[{"embeddable":true,"href":"https:\/\/primermomento.com\/index.php?rest_route=\/wp\/v2\/users\/1"}],"replies":[{"embeddable":true,"href":"https:\/\/primermomento.com\/index.php?rest_route=%2Fwp%2Fv2%2Fcomments&post=314280"}],"version-history":[{"count":1,"href":"https:\/\/primermomento.com\/index.php?rest_route=\/wp\/v2\/posts\/314280\/revisions"}],"predecessor-version":[{"id":314282,"href":"https:\/\/primermomento.com\/index.php?rest_route=\/wp\/v2\/posts\/314280\/revisions\/314282"}],"wp:attachment":[{"href":"https:\/\/primermomento.com\/index.php?rest_route=%2Fwp%2Fv2%2Fmedia&parent=314280"}],"wp:term":[{"taxonomy":"category","embeddable":true,"href":"https:\/\/primermomento.com\/index.php?rest_route=%2Fwp%2Fv2%2Fcategories&post=314280"},{"taxonomy":"post_tag","embeddable":true,"href":"https:\/\/primermomento.com\/index.php?rest_route=%2Fwp%2Fv2%2Ftags&post=314280"}],"curies":[{"name":"wp","href":"https:\/\/api.w.org\/{rel}","templated":true}]}}