{"id":314287,"date":"2019-01-17T15:05:42","date_gmt":"2019-01-17T19:05:42","guid":{"rendered":"http:\/\/primermomento.com\/?p=314287"},"modified":"2019-01-17T16:07:39","modified_gmt":"2019-01-17T20:07:39","slug":"bani-arrestan-a-primo-hermano-de-el-buche-para-investigacion","status":"publish","type":"post","link":"https:\/\/primermomento.com\/?p=314287","title":{"rendered":"BAN\u00cd | Arrestan a primo hermano de El Buche para investigaci\u00f3n"},"content":{"rendered":"\n<p>BAN\u00cd, Rep\u00fablica Dominicana.- Jes\u00fas Pe\u00f1a, quien se habr\u00eda identificado como primo hermano de Rafael Antonio D\u00edaz, al\u00edas El Buche, fue arrestado la ma\u00f1ana de este jueves para ser investigado por unas declaraciones que emiti\u00f3 acercade los puntos de drogas y las autoridades policiales.<\/p>\n\n\n\n<figure class=\"wp-block-image\"><img loading=\"lazy\" decoding=\"async\" width=\"623\" height=\"364\" src=\"http:\/\/primermomento.com\/wp-content\/uploads\/2019\/01\/Juan-Pe\u00f1a-y-detencion1.png\" alt=\"\" class=\"wp-image-314284\" srcset=\"https:\/\/primermomento.com\/wp-content\/uploads\/2019\/01\/Juan-Pe\u00f1a-y-detencion1.png 623w, https:\/\/primermomento.com\/wp-content\/uploads\/2019\/01\/Juan-Pe\u00f1a-y-detencion1-300x175.png 300w, https:\/\/primermomento.com\/wp-content\/uploads\/2019\/01\/Juan-Pe\u00f1a-y-detencion1-500x292.png 500w, https:\/\/primermomento.com\/wp-content\/uploads\/2019\/01\/Juan-Pe\u00f1a-y-detencion1-280x164.png 280w, https:\/\/primermomento.com\/wp-content\/uploads\/2019\/01\/Juan-Pe\u00f1a-y-detencion1-118x69.png 118w, https:\/\/primermomento.com\/wp-content\/uploads\/2019\/01\/Juan-Pe\u00f1a-y-detencion1-479x280.png 479w\" sizes=\"auto, (max-width: 623px) 100vw, 623px\" \/><\/figure>\n\n\n\n<p>El ministro de Interior y Polic\u00eda, Jos\u00e9 Ram\u00f3n Fadul  hab\u00eda manifestado que este ser\u00eda investigado en torno a la denuncia de que miembros de la Polic\u00eda Nacional, la Direcci\u00f3n Nacional Control de Drogas y due\u00f1os de puntos de drogas estar\u00edan vinculados al asesinato del coronel Daniel Ramos \u00c1lvarez.<\/p>\n\n\n\n<p>-La droga circula libremente y los agentes que andan con el coronel el d\u00eda de su muerte deb\u00edan ser investigados -se\u00f1al\u00f3 Jes\u00fas Pe\u00f1a.<\/p>\n\n\n\n<p>\u201cEsos dos polic\u00edas que estaban ah\u00ed, que andaban con \u00e9l, esos son dos traidores, que lo hicieron compuesto con los otros puntos (de venta de drogas)\u201d, expres\u00f3 el primo hermano de El Buche.<\/p>\n\n\n\n<p style=\"text-align:right\">PrimerMomento<\/p>\n","protected":false},"excerpt":{"rendered":"<p>BAN\u00cd, Rep\u00fablica Dominicana.- Jes\u00fas Pe\u00f1a, quien se habr\u00eda identificado como primo hermano de Rafael Antonio D\u00edaz, al\u00edas El Buche, fue arrestado la ma\u00f1ana de este jueves para ser investigado por unas declaraciones que emiti\u00f3 acercade los puntos de drogas y las autoridades policiales. El ministro de Interior y Polic\u00eda, Jos\u00e9 Ram\u00f3n Fadul hab\u00eda manifestado que [&hellip;]<\/p>\n","protected":false},"author":1,"featured_media":0,"comment_status":"open","ping_status":"open","sticky":false,"template":"","format":"standard","meta":{"_bbp_topic_count":0,"_bbp_reply_count":0,"_bbp_total_topic_count":0,"_bbp_total_reply_count":0,"_bbp_voice_count":0,"_bbp_anonymous_reply_count":0,"_bbp_topic_count_hidden":0,"_bbp_reply_count_hidden":0,"_bbp_forum_subforum_count":0,"footnotes":""},"categories":[60,32],"tags":[],"class_list":{"0":"post-314287","1":"post","2":"type-post","3":"status-publish","4":"format-standard","6":"category-titulares-del-dia","7":"category-lo-ultimo"},"_links":{"self":[{"href":"https:\/\/primermomento.com\/index.php?rest_route=\/wp\/v2\/posts\/314287","targetHints":{"allow":["GET"]}}],"collection":[{"href":"https:\/\/primermomento.com\/index.php?rest_route=\/wp\/v2\/posts"}],"about":[{"href":"https:\/\/primermomento.com\/index.php?rest_route=\/wp\/v2\/types\/post"}],"author":[{"embeddable":true,"href":"https:\/\/primermomento.com\/index.php?rest_route=\/wp\/v2\/users\/1"}],"replies":[{"embeddable":true,"href":"https:\/\/primermomento.com\/index.php?rest_route=%2Fwp%2Fv2%2Fcomments&post=314287"}],"version-history":[{"count":1,"href":"https:\/\/primermomento.com\/index.php?rest_route=\/wp\/v2\/posts\/314287\/revisions"}],"predecessor-version":[{"id":314288,"href":"https:\/\/primermomento.com\/index.php?rest_route=\/wp\/v2\/posts\/314287\/revisions\/314288"}],"wp:attachment":[{"href":"https:\/\/primermomento.com\/index.php?rest_route=%2Fwp%2Fv2%2Fmedia&parent=314287"}],"wp:term":[{"taxonomy":"category","embeddable":true,"href":"https:\/\/primermomento.com\/index.php?rest_route=%2Fwp%2Fv2%2Fcategories&post=314287"},{"taxonomy":"post_tag","embeddable":true,"href":"https:\/\/primermomento.com\/index.php?rest_route=%2Fwp%2Fv2%2Ftags&post=314287"}],"curies":[{"name":"wp","href":"https:\/\/api.w.org\/{rel}","templated":true}]}}