{"id":314292,"date":"2019-01-17T12:29:40","date_gmt":"2019-01-17T16:29:40","guid":{"rendered":"http:\/\/primermomento.com\/?p=314292"},"modified":"2019-01-17T16:33:30","modified_gmt":"2019-01-17T20:33:30","slug":"bani-hieren-a-balazos-a-un-joven-en-negocio-de-comida","status":"publish","type":"post","link":"https:\/\/primermomento.com\/?p=314292","title":{"rendered":"BAN\u00cd | Hieren a balazos a un joven en negocio de comida"},"content":{"rendered":"\n<p>BAN\u00cd, Rep\u00fablica Dominicana.- Sujetos desconocidos hirieron de bala a un joven en la tarde de este jueves, de este municipio.<\/p>\n\n\n\n<figure class=\"wp-block-image\"><img loading=\"lazy\" decoding=\"async\" width=\"1024\" height=\"576\" src=\"http:\/\/primermomento.com\/wp-content\/uploads\/2019\/01\/59ead42e-a8d9-43d4-99e2-60c5b96fbf90-1024x576.jpg\" alt=\"\" class=\"wp-image-314293\" srcset=\"https:\/\/primermomento.com\/wp-content\/uploads\/2019\/01\/59ead42e-a8d9-43d4-99e2-60c5b96fbf90-1024x576.jpg 1024w, https:\/\/primermomento.com\/wp-content\/uploads\/2019\/01\/59ead42e-a8d9-43d4-99e2-60c5b96fbf90-300x169.jpg 300w, https:\/\/primermomento.com\/wp-content\/uploads\/2019\/01\/59ead42e-a8d9-43d4-99e2-60c5b96fbf90-768x432.jpg 768w, https:\/\/primermomento.com\/wp-content\/uploads\/2019\/01\/59ead42e-a8d9-43d4-99e2-60c5b96fbf90-478x270.jpg 478w, https:\/\/primermomento.com\/wp-content\/uploads\/2019\/01\/59ead42e-a8d9-43d4-99e2-60c5b96fbf90-500x281.jpg 500w, https:\/\/primermomento.com\/wp-content\/uploads\/2019\/01\/59ead42e-a8d9-43d4-99e2-60c5b96fbf90-280x158.jpg 280w, https:\/\/primermomento.com\/wp-content\/uploads\/2019\/01\/59ead42e-a8d9-43d4-99e2-60c5b96fbf90-638x359.jpg 638w, https:\/\/primermomento.com\/wp-content\/uploads\/2019\/01\/59ead42e-a8d9-43d4-99e2-60c5b96fbf90-118x66.jpg 118w, https:\/\/primermomento.com\/wp-content\/uploads\/2019\/01\/59ead42e-a8d9-43d4-99e2-60c5b96fbf90-479x269.jpg 479w, https:\/\/primermomento.com\/wp-content\/uploads\/2019\/01\/59ead42e-a8d9-43d4-99e2-60c5b96fbf90.jpg 1280w\" sizes=\"auto, (max-width: 1024px) 100vw, 1024px\" \/><figcaption>Lugar de la escena del crimen. FOTO | Fuente externa<\/figcaption><\/figure>\n\n\n\n<p>El suceso ocurri\u00f3 en la intersecci\u00f3n de las calles Mella y Capotillo, frente a un establecimiento de comida. <\/p>\n\n\n\n<p>El joven lesionado fue identificado como Franklin Osiris Santana, al\u00edas Chiquito, de 22 a\u00f1os, quien reside e en el sector Pueblo Nuevo.<\/p>\n\n\n\n<p>Individuos desconocidos se desplazaban a bordo de un autom\u00f3vil marca Kia, de color Blanco e interceptaron a tiros a Santana a quien le causaron una herida en su pierna izquierda con orificio de entrada y salida.<\/p>\n\n\n\n<p>Testigos oculares dijeron tras cometer el hecho, los sujetos emprendieron la huida.<\/p>\n\n\n\n<p>La v\u00edctima del ataque fue asistido por una unidad del 911 y luego llevado a la sala de emergencias del hospital Nuestra Se\u00f1ora de Regla, donde est\u00e1 siendo tratado.<\/p>\n\n\n\n<p>La Direcci\u00f3n de Investigaciones de Criminales (DICRIM), de la Polic\u00eda Nacional inici\u00f3 las averiguaciones de rigor para esclarecer el hecho de violencia.<\/p>\n\n\n\n<p style=\"text-align:right\">PrimerMomento<\/p>\n","protected":false},"excerpt":{"rendered":"<p>BAN\u00cd, Rep\u00fablica Dominicana.- Sujetos desconocidos hirieron de bala a un joven en la tarde de este jueves, de este municipio. El suceso ocurri\u00f3 en la intersecci\u00f3n de las calles Mella y Capotillo, frente a un establecimiento de comida. El joven lesionado fue identificado como Franklin Osiris Santana, al\u00edas Chiquito, de 22 a\u00f1os, quien reside e [&hellip;]<\/p>\n","protected":false},"author":1,"featured_media":0,"comment_status":"open","ping_status":"open","sticky":false,"template":"","format":"standard","meta":{"_bbp_topic_count":0,"_bbp_reply_count":0,"_bbp_total_topic_count":0,"_bbp_total_reply_count":0,"_bbp_voice_count":0,"_bbp_anonymous_reply_count":0,"_bbp_topic_count_hidden":0,"_bbp_reply_count_hidden":0,"_bbp_forum_subforum_count":0,"footnotes":""},"categories":[30,60],"tags":[],"class_list":{"0":"post-314292","1":"post","2":"type-post","3":"status-publish","4":"format-standard","6":"category-actualidad","7":"category-titulares-del-dia"},"_links":{"self":[{"href":"https:\/\/primermomento.com\/index.php?rest_route=\/wp\/v2\/posts\/314292","targetHints":{"allow":["GET"]}}],"collection":[{"href":"https:\/\/primermomento.com\/index.php?rest_route=\/wp\/v2\/posts"}],"about":[{"href":"https:\/\/primermomento.com\/index.php?rest_route=\/wp\/v2\/types\/post"}],"author":[{"embeddable":true,"href":"https:\/\/primermomento.com\/index.php?rest_route=\/wp\/v2\/users\/1"}],"replies":[{"embeddable":true,"href":"https:\/\/primermomento.com\/index.php?rest_route=%2Fwp%2Fv2%2Fcomments&post=314292"}],"version-history":[{"count":1,"href":"https:\/\/primermomento.com\/index.php?rest_route=\/wp\/v2\/posts\/314292\/revisions"}],"predecessor-version":[{"id":314294,"href":"https:\/\/primermomento.com\/index.php?rest_route=\/wp\/v2\/posts\/314292\/revisions\/314294"}],"wp:attachment":[{"href":"https:\/\/primermomento.com\/index.php?rest_route=%2Fwp%2Fv2%2Fmedia&parent=314292"}],"wp:term":[{"taxonomy":"category","embeddable":true,"href":"https:\/\/primermomento.com\/index.php?rest_route=%2Fwp%2Fv2%2Fcategories&post=314292"},{"taxonomy":"post_tag","embeddable":true,"href":"https:\/\/primermomento.com\/index.php?rest_route=%2Fwp%2Fv2%2Ftags&post=314292"}],"curies":[{"name":"wp","href":"https:\/\/api.w.org\/{rel}","templated":true}]}}