{"id":314301,"date":"2019-01-17T12:01:14","date_gmt":"2019-01-17T16:01:14","guid":{"rendered":"http:\/\/primermomento.com\/?p=314301"},"modified":"2019-01-17T18:03:50","modified_gmt":"2019-01-17T22:03:50","slug":"identifican-a-autor-material-de-atentado-con-coche-bomba-en-colombia","status":"publish","type":"post","link":"https:\/\/primermomento.com\/?p=314301","title":{"rendered":"Identifican a autor material de atentado con coche bomba en Colombia"},"content":{"rendered":"\n<p> BOGOT\u00c1, Colombia.- La Fiscal\u00eda General de Colombia  identific\u00f3 hoy a Jos\u00e9 Aldemar Rojas Rodr\u00edguez como el autor material del  atentado en una escuela de cadetes de esta capital, con saldo de nueve  muertos y 54 heridos.                         <br>                          <\/p>\n\n\n\n<figure class=\"wp-block-image\"><img loading=\"lazy\" decoding=\"async\" width=\"748\" height=\"498\" src=\"http:\/\/primermomento.com\/wp-content\/uploads\/2019\/01\/atentado-colombia.jpg\" alt=\"\" class=\"wp-image-314302\" srcset=\"https:\/\/primermomento.com\/wp-content\/uploads\/2019\/01\/atentado-colombia.jpg 748w, https:\/\/primermomento.com\/wp-content\/uploads\/2019\/01\/atentado-colombia-300x200.jpg 300w, https:\/\/primermomento.com\/wp-content\/uploads\/2019\/01\/atentado-colombia-73x50.jpg 73w, https:\/\/primermomento.com\/wp-content\/uploads\/2019\/01\/atentado-colombia-500x333.jpg 500w, https:\/\/primermomento.com\/wp-content\/uploads\/2019\/01\/atentado-colombia-280x186.jpg 280w, https:\/\/primermomento.com\/wp-content\/uploads\/2019\/01\/atentado-colombia-60x40.jpg 60w, https:\/\/primermomento.com\/wp-content\/uploads\/2019\/01\/atentado-colombia-638x425.jpg 638w, https:\/\/primermomento.com\/wp-content\/uploads\/2019\/01\/atentado-colombia-118x79.jpg 118w, https:\/\/primermomento.com\/wp-content\/uploads\/2019\/01\/atentado-colombia-479x319.jpg 479w\" sizes=\"auto, (max-width: 748px) 100vw, 748px\" \/><\/figure>\n\n\n\n<p>As\u00ed lo dio a conocer el fiscal general de la Naci\u00f3n, N\u00e9stor Mart\u00ednez, en  rueda de prensa tras concluir un Consejo Extraordinario de Seguridad,  encabezado por el presidente del pa\u00eds, Iv\u00e1n Duque.<\/p>\n\n\n\n<p> Seg\u00fan \nMart\u00ednez, el autor del acto criminal ingres\u00f3 a las instalaciones de la \ninstituci\u00f3n castrense en una camioneta Nissan Patrol cargada con 80 \nkilos de pentolita que causaron la detonaci\u00f3n.<\/p>\n\n\n\n<p> Al t\u00e9rmino de la  reuni\u00f3n de emergencia del gobierno, Duque declar\u00f3 que orden\u00f3 a la fuerza  p\u00fablica y a las autoridades fiscales investigar con celeridad para dar  con los autores intelectuales del ataque y llevarlos ante la justicia. <\/p>\n\n\n\n<p>\nLa explosi\u00f3n registrada en la Escuela de Formaci\u00f3n de Cadetes General \nSantander en el sur de Bogot\u00e1 afect\u00f3 tambi\u00e9n viviendas aleda\u00f1as y \nveh\u00edculos que circulaban por las inmediaciones del lugar.<\/p>\n\n\n\n<p> Voces \nde todos los sectores pol\u00edticos y personalidades nacionales, as\u00ed como \ndiferentes jefes de Estado en todo el mundo han repudiado el atentado \nocurrido hoy en esta ciudad.<\/p>\n\n\n\n<p> El capit\u00e1n del equipo nacional de  f\u00fatbol en Colombia, Radamel Falcao, expres\u00f3 su solidaridad con los  familiares de las v\u00edctimas. &#8216;Paz para Colombia&#8217;, manifest\u00f3. <\/p>\n\n\n\n<p style=\"text-align:right\"><em>PL<\/em><\/p>\n\n\n\n<p><\/p>\n","protected":false},"excerpt":{"rendered":"<p>BOGOT\u00c1, Colombia.- La Fiscal\u00eda General de Colombia identific\u00f3 hoy a Jos\u00e9 Aldemar Rojas Rodr\u00edguez como el autor material del atentado en una escuela de cadetes de esta capital, con saldo de nueve muertos y 54 heridos. As\u00ed lo dio a conocer el fiscal general de la Naci\u00f3n, N\u00e9stor Mart\u00ednez, en rueda de prensa tras concluir [&hellip;]<\/p>\n","protected":false},"author":1,"featured_media":0,"comment_status":"open","ping_status":"open","sticky":false,"template":"","format":"standard","meta":{"_bbp_topic_count":0,"_bbp_reply_count":0,"_bbp_total_topic_count":0,"_bbp_total_reply_count":0,"_bbp_voice_count":0,"_bbp_anonymous_reply_count":0,"_bbp_topic_count_hidden":0,"_bbp_reply_count_hidden":0,"_bbp_forum_subforum_count":0,"footnotes":""},"categories":[60,61],"tags":[],"class_list":{"0":"post-314301","1":"post","2":"type-post","3":"status-publish","4":"format-standard","6":"category-titulares-del-dia","7":"category-mundo"},"_links":{"self":[{"href":"https:\/\/primermomento.com\/index.php?rest_route=\/wp\/v2\/posts\/314301","targetHints":{"allow":["GET"]}}],"collection":[{"href":"https:\/\/primermomento.com\/index.php?rest_route=\/wp\/v2\/posts"}],"about":[{"href":"https:\/\/primermomento.com\/index.php?rest_route=\/wp\/v2\/types\/post"}],"author":[{"embeddable":true,"href":"https:\/\/primermomento.com\/index.php?rest_route=\/wp\/v2\/users\/1"}],"replies":[{"embeddable":true,"href":"https:\/\/primermomento.com\/index.php?rest_route=%2Fwp%2Fv2%2Fcomments&post=314301"}],"version-history":[{"count":2,"href":"https:\/\/primermomento.com\/index.php?rest_route=\/wp\/v2\/posts\/314301\/revisions"}],"predecessor-version":[{"id":314318,"href":"https:\/\/primermomento.com\/index.php?rest_route=\/wp\/v2\/posts\/314301\/revisions\/314318"}],"wp:attachment":[{"href":"https:\/\/primermomento.com\/index.php?rest_route=%2Fwp%2Fv2%2Fmedia&parent=314301"}],"wp:term":[{"taxonomy":"category","embeddable":true,"href":"https:\/\/primermomento.com\/index.php?rest_route=%2Fwp%2Fv2%2Fcategories&post=314301"},{"taxonomy":"post_tag","embeddable":true,"href":"https:\/\/primermomento.com\/index.php?rest_route=%2Fwp%2Fv2%2Ftags&post=314301"}],"curies":[{"name":"wp","href":"https:\/\/api.w.org\/{rel}","templated":true}]}}