{"id":314308,"date":"2019-01-17T07:04:41","date_gmt":"2019-01-17T11:04:41","guid":{"rendered":"http:\/\/primermomento.com\/?p=314308"},"modified":"2019-01-17T17:06:51","modified_gmt":"2019-01-17T21:06:51","slug":"dictaran-conferencia-en-el-alto-manhattan-2019-el-ano-de-tu-vida","status":"publish","type":"post","link":"https:\/\/primermomento.com\/?p=314308","title":{"rendered":"Dictar\u00e1n conferencia en el Alto Manhattan \u201c2019, el A\u00f1o de tu Vida\u201d"},"content":{"rendered":"\n<p>NUEVA YORK, Nueva York.- La reconocida sic\u00f3loga\u00a0Jissell Espinal ofrecer\u00e1 la conferencia motivacional \u201c2019, el A\u00f1o de tu Vida\u201d, quien est\u00e1s deseosa de llegar a la Gran Manzana para impartir sus conocimientos a los invitados.<\/p>\n\n\n\n<div class=\"wp-block-image\"><figure class=\"alignleft\"><img loading=\"lazy\" decoding=\"async\" width=\"315\" height=\"390\" src=\"http:\/\/primermomento.com\/wp-content\/uploads\/2019\/01\/Dictar\u00e1-conferencia-en-el-Alto-Manhattan-\u201c2019-El-A\u00f1o-de-Tu-Vida\u201d.jpg\" alt=\"\" class=\"wp-image-314309\" srcset=\"https:\/\/primermomento.com\/wp-content\/uploads\/2019\/01\/Dictar\u00e1-conferencia-en-el-Alto-Manhattan-\u201c2019-El-A\u00f1o-de-Tu-Vida\u201d.jpg 315w, https:\/\/primermomento.com\/wp-content\/uploads\/2019\/01\/Dictar\u00e1-conferencia-en-el-Alto-Manhattan-\u201c2019-El-A\u00f1o-de-Tu-Vida\u201d-242x300.jpg 242w, https:\/\/primermomento.com\/wp-content\/uploads\/2019\/01\/Dictar\u00e1-conferencia-en-el-Alto-Manhattan-\u201c2019-El-A\u00f1o-de-Tu-Vida\u201d-178x220.jpg 178w, https:\/\/primermomento.com\/wp-content\/uploads\/2019\/01\/Dictar\u00e1-conferencia-en-el-Alto-Manhattan-\u201c2019-El-A\u00f1o-de-Tu-Vida\u201d-118x146.jpg 118w\" sizes=\"auto, (max-width: 315px) 100vw, 315px\" \/><\/figure><\/div>\n\n\n\n<p>La actividad es auspiciada por la\norganizaci\u00f3n \u201cAgenda Dominicana\u201d, como parte del \u201cMes de la Herencia\nDominicana\u201d que inici\u00f3 su celebraci\u00f3n en esta ciudad, indic\u00f3 F\u00e9lix Jerez,\ndirector ejecutivo, junto a otros directivos.<\/p>\n\n\n\n<p>\u201cHay que resaltar que la\nconferencia tiene un costo de 20 d\u00f3lares por entrada, fondos que ser\u00e1n\ndestinados para becas a estudiantes de la \u201cFundaci\u00f3n Pro Ayuda a La Ni\u00f1ez\u201d,\ndijo Jerez.&nbsp;<\/p>\n\n\n\n<p>La misma tendr\u00e1 lugar el pr\u00f3ximo\njueves 24, a partir de las 6:30 de la tarde, en el Comisionado de Cultura,\nlocalizado en la calle 145 y Broadway, en el Alto Manhattan.<\/p>\n\n\n\n<p>Entre otros directivos de \u201cAgenda Dominicana\u201d que hacen la invitaci\u00f3n figuran Francisco Spies, Lisa Moreta, Ana Mora, Rosa Ayala, los ex candidatos la Asamblea Estatal, Al\u00ed P\u00e9rez y Lu\u00eds Tejada; la ex jueza Marileyda N\u00fa\u00f1ez, Francisco Sosa, Eduardo Luna, Rony Santos, Yamil\u00e9 Zarzuela, Ram\u00f3n Burgos y Fernando L\u00f3pez, entre otros. Para m\u00e1s informaci\u00f3n 917-530-5314.\u00a0<\/p>\n\n\n\n<p style=\"text-align:right\">Ram\u00f3n Mercedes<\/p>\n","protected":false},"excerpt":{"rendered":"<p>NUEVA YORK, Nueva York.- La reconocida sic\u00f3loga\u00a0Jissell Espinal ofrecer\u00e1 la conferencia motivacional \u201c2019, el A\u00f1o de tu Vida\u201d, quien est\u00e1s deseosa de llegar a la Gran Manzana para impartir sus conocimientos a los invitados. La actividad es auspiciada por la organizaci\u00f3n \u201cAgenda Dominicana\u201d, como parte del \u201cMes de la Herencia Dominicana\u201d que inici\u00f3 su celebraci\u00f3n [&hellip;]<\/p>\n","protected":false},"author":1,"featured_media":0,"comment_status":"open","ping_status":"open","sticky":false,"template":"","format":"standard","meta":{"_bbp_topic_count":0,"_bbp_reply_count":0,"_bbp_total_topic_count":0,"_bbp_total_reply_count":0,"_bbp_voice_count":0,"_bbp_anonymous_reply_count":0,"_bbp_topic_count_hidden":0,"_bbp_reply_count_hidden":0,"_bbp_forum_subforum_count":0,"footnotes":""},"categories":[40,60],"tags":[],"class_list":{"0":"post-314308","1":"post","2":"type-post","3":"status-publish","4":"format-standard","6":"category-comunidad","7":"category-titulares-del-dia"},"_links":{"self":[{"href":"https:\/\/primermomento.com\/index.php?rest_route=\/wp\/v2\/posts\/314308","targetHints":{"allow":["GET"]}}],"collection":[{"href":"https:\/\/primermomento.com\/index.php?rest_route=\/wp\/v2\/posts"}],"about":[{"href":"https:\/\/primermomento.com\/index.php?rest_route=\/wp\/v2\/types\/post"}],"author":[{"embeddable":true,"href":"https:\/\/primermomento.com\/index.php?rest_route=\/wp\/v2\/users\/1"}],"replies":[{"embeddable":true,"href":"https:\/\/primermomento.com\/index.php?rest_route=%2Fwp%2Fv2%2Fcomments&post=314308"}],"version-history":[{"count":1,"href":"https:\/\/primermomento.com\/index.php?rest_route=\/wp\/v2\/posts\/314308\/revisions"}],"predecessor-version":[{"id":314310,"href":"https:\/\/primermomento.com\/index.php?rest_route=\/wp\/v2\/posts\/314308\/revisions\/314310"}],"wp:attachment":[{"href":"https:\/\/primermomento.com\/index.php?rest_route=%2Fwp%2Fv2%2Fmedia&parent=314308"}],"wp:term":[{"taxonomy":"category","embeddable":true,"href":"https:\/\/primermomento.com\/index.php?rest_route=%2Fwp%2Fv2%2Fcategories&post=314308"},{"taxonomy":"post_tag","embeddable":true,"href":"https:\/\/primermomento.com\/index.php?rest_route=%2Fwp%2Fv2%2Ftags&post=314308"}],"curies":[{"name":"wp","href":"https:\/\/api.w.org\/{rel}","templated":true}]}}