{"id":314311,"date":"2019-01-17T09:07:06","date_gmt":"2019-01-17T13:07:06","guid":{"rendered":"http:\/\/primermomento.com\/?p=314311"},"modified":"2019-01-17T17:09:46","modified_gmt":"2019-01-17T21:09:46","slug":"sorprende-a-dominicanos-en-nueva-york-denuncia-de-franklin-almeyda","status":"publish","type":"post","link":"https:\/\/primermomento.com\/?p=314311","title":{"rendered":"Sorprende a dominicanos en Nueva York denuncia de Franklin Almeyda"},"content":{"rendered":"\n<p>NUEVA YORK, Nueva York.- Dominicanos residentes en esta ciudad se mostraron sorprendidos por la reciente denuncia que hiciera el dirigente pol\u00edtico Franklin Almeyda, en el programa \u201cHoy Mismo\u201d, sobre los prop\u00f3sitos de varios funcionarios que impulsan la reelecci\u00f3n del presidente Danilo Medina y buscan se modifique la Constituci\u00f3n.<\/p>\n\n\n\n<figure class=\"wp-block-image\"><img loading=\"lazy\" decoding=\"async\" width=\"629\" height=\"218\" src=\"http:\/\/primermomento.com\/wp-content\/uploads\/2019\/01\/Sorprende-a-dominicanos-NY-denuncia-de-Almeyda.jpg\" alt=\"\" class=\"wp-image-314312\" srcset=\"https:\/\/primermomento.com\/wp-content\/uploads\/2019\/01\/Sorprende-a-dominicanos-NY-denuncia-de-Almeyda.jpg 629w, https:\/\/primermomento.com\/wp-content\/uploads\/2019\/01\/Sorprende-a-dominicanos-NY-denuncia-de-Almeyda-300x104.jpg 300w, https:\/\/primermomento.com\/wp-content\/uploads\/2019\/01\/Sorprende-a-dominicanos-NY-denuncia-de-Almeyda-500x173.jpg 500w, https:\/\/primermomento.com\/wp-content\/uploads\/2019\/01\/Sorprende-a-dominicanos-NY-denuncia-de-Almeyda-280x97.jpg 280w, https:\/\/primermomento.com\/wp-content\/uploads\/2019\/01\/Sorprende-a-dominicanos-NY-denuncia-de-Almeyda-118x41.jpg 118w, https:\/\/primermomento.com\/wp-content\/uploads\/2019\/01\/Sorprende-a-dominicanos-NY-denuncia-de-Almeyda-479x166.jpg 479w\" sizes=\"auto, (max-width: 629px) 100vw, 629px\" \/><\/figure>\n\n\n\n<p>Igual reaccionaron por lo&nbsp;expresado\nsobre la presi\u00f3n que se ejerce en los medios de comunicaci\u00f3n y sectores\necon\u00f3micos del pa\u00eds, como le han hecho a grupos econ\u00f3micos que quieren\ntransferir un banco y hasta para autoriz\u00e1rselo hay condici\u00f3n puesta.<\/p>\n\n\n\n<p>En un documento de prensa el abogado Jos\u00e9\nMiguel Quezada, licenciada Mayra N\u00fa\u00f1ez, empresario Kimbel Cabrera, Edwin\nParedes, Jos\u00e9 Garc\u00eda, Pascual Bail\u00f3n, y Olga Paredes, indican que la democracia\nest\u00e1 por encima de cualquier grupo o partido pol\u00edtico.<\/p>\n\n\n\n<p>Asimismo, sostienen que modificar nuestra\nCarta Magna para una reelecci\u00f3n dar\u00eda al traste con la institucionalidad del\npa\u00eds y sus resultados ser\u00edan semejantes a un gobierno como el de Venezuela,\nimpuesto con todas artima\u00f1as para convertirse en una dictadura disfrazada de\ndemocracia.<\/p>\n\n\n\n<p>\u201cCon esas intenciones\ny esfuerzos que vienen desarrollando dichos funcionarios, significa estar\ncreando la base y estructura para perpetuarse en el poder\u201d, dijeron.<\/p>\n\n\n\n<p>Recordaron que&nbsp;Almeyda\nidentific\u00f3 a Jos\u00e9 Ram\u00f3n Peralta y Gonzalo Castillo, ministros de la Presidencia\ny Obras P\u00fablicas; los embajadores Olivo Rodr\u00edguez Huertas y Jos\u00e9 Singer, adem\u00e1s\nel empresario Jos\u00e9 Miguel Gonz\u00e1lez Cuadra, como los funcionarios que est\u00e1n\nactuando de esa manera.<\/p>\n\n\n\n<p>\u201cEn nuestro pa\u00eds hay\nque crear confianza y seguridad a los empresarios, a los inversionistas criollos\ny extranjeros para cuando decidan invertir en el pa\u00eds sus recursos no vayan a\nser sometidos a extorsi\u00f3n\u201d, sostienen.<\/p>\n\n\n\n<p>Exhortaron al pueblo dominicano apoyar la continuidad de la democracia, estableciendo juegos claros en el quehacer pol\u00edtico dominicano para bien del pueblo.<\/p>\n\n\n\n<p style=\"text-align:right\">Ram\u00f3n Mercedes<\/p>\n","protected":false},"excerpt":{"rendered":"<p>NUEVA YORK, Nueva York.- Dominicanos residentes en esta ciudad se mostraron sorprendidos por la reciente denuncia que hiciera el dirigente pol\u00edtico Franklin Almeyda, en el programa \u201cHoy Mismo\u201d, sobre los prop\u00f3sitos de varios funcionarios que impulsan la reelecci\u00f3n del presidente Danilo Medina y buscan se modifique la Constituci\u00f3n. Igual reaccionaron por lo&nbsp;expresado sobre la presi\u00f3n [&hellip;]<\/p>\n","protected":false},"author":1,"featured_media":0,"comment_status":"open","ping_status":"open","sticky":false,"template":"","format":"standard","meta":{"_bbp_topic_count":0,"_bbp_reply_count":0,"_bbp_total_topic_count":0,"_bbp_total_reply_count":0,"_bbp_voice_count":0,"_bbp_anonymous_reply_count":0,"_bbp_topic_count_hidden":0,"_bbp_reply_count_hidden":0,"_bbp_forum_subforum_count":0,"footnotes":""},"categories":[60,31],"tags":[],"class_list":{"0":"post-314311","1":"post","2":"type-post","3":"status-publish","4":"format-standard","6":"category-titulares-del-dia","7":"category-estados-unidos"},"_links":{"self":[{"href":"https:\/\/primermomento.com\/index.php?rest_route=\/wp\/v2\/posts\/314311","targetHints":{"allow":["GET"]}}],"collection":[{"href":"https:\/\/primermomento.com\/index.php?rest_route=\/wp\/v2\/posts"}],"about":[{"href":"https:\/\/primermomento.com\/index.php?rest_route=\/wp\/v2\/types\/post"}],"author":[{"embeddable":true,"href":"https:\/\/primermomento.com\/index.php?rest_route=\/wp\/v2\/users\/1"}],"replies":[{"embeddable":true,"href":"https:\/\/primermomento.com\/index.php?rest_route=%2Fwp%2Fv2%2Fcomments&post=314311"}],"version-history":[{"count":1,"href":"https:\/\/primermomento.com\/index.php?rest_route=\/wp\/v2\/posts\/314311\/revisions"}],"predecessor-version":[{"id":314313,"href":"https:\/\/primermomento.com\/index.php?rest_route=\/wp\/v2\/posts\/314311\/revisions\/314313"}],"wp:attachment":[{"href":"https:\/\/primermomento.com\/index.php?rest_route=%2Fwp%2Fv2%2Fmedia&parent=314311"}],"wp:term":[{"taxonomy":"category","embeddable":true,"href":"https:\/\/primermomento.com\/index.php?rest_route=%2Fwp%2Fv2%2Fcategories&post=314311"},{"taxonomy":"post_tag","embeddable":true,"href":"https:\/\/primermomento.com\/index.php?rest_route=%2Fwp%2Fv2%2Ftags&post=314311"}],"curies":[{"name":"wp","href":"https:\/\/api.w.org\/{rel}","templated":true}]}}