{"id":314326,"date":"2019-01-17T05:47:54","date_gmt":"2019-01-17T09:47:54","guid":{"rendered":"http:\/\/primermomento.com\/?p=314326"},"modified":"2019-01-18T07:52:39","modified_gmt":"2019-01-18T11:52:39","slug":"tres-fulgurazos-para-jose-ramon-peralta","status":"publish","type":"post","link":"https:\/\/primermomento.com\/?p=314326","title":{"rendered":"Tres fulgurazos para Jos\u00e9 Ram\u00f3n Peralta"},"content":{"rendered":"\n<p>UNO<\/p>\n\n\n\n<p>El discurso te\u00f3rico suele convertirse en obediencia y taciturnidad. La pol\u00edtica es, particularmente en pa\u00edses como el nuestro, el ocultamiento del verdadero pensamiento, la sustracci\u00f3n en el habla de las reales intenciones, el escamoteo c\u00ednico de lo que nunca se deja conocer. Por eso, siempre lo he dicho, para entender los procesos pol\u00edticos y los l\u00edderes que lo encarnan, es mejor leer pr\u00e1cticas y no discursos. Un solo acto puede derrumbar un edificio de palabras. Abandonarse, aunque sea \u00fanicamente un segundo, a la fiera descripci\u00f3n del ejercicio de su propia pr\u00e1ctica, es un trance consciente y encarnizado de negarse a s\u00ed mismo. Tal cual es el esfuerzo del renombrado Ministro de la presidencia Jos\u00e9 Ram\u00f3n Peralta, cuando intenta sustentar el danilismo en un plano ideal. Danilo Medina no encarna una idea ni un pensamiento. Ni en el PLD hay lucha de ideas, o alg\u00fan proyecto social. Simplemente las castas se desplazan, y es por eso que el Comit\u00e9 pol\u00edtico ha terminado siendo un moj\u00f3n hist\u00f3rico, reducido a la aceptaci\u00f3n de lo que la din\u00e1mica del grupo econ\u00f3mico que financi\u00f3 el proyecto presidencial del danilismo imponga.<\/p>\n\n\n\n<div class=\"wp-block-image\"><figure class=\"alignleft\"><img decoding=\"async\" src=\"http:\/\/primermomento.com\/wp-content\/uploads\/2019\/01\/Andr\u00e9s-L.-Mateo1.jpg\" alt=\"\" class=\"wp-image-314327\"\/><\/figure><\/div>\n\n\n\n<p>DOS<\/p>\n\n\n\n<p>Cuando Leonel Fern\u00e1ndez sali\u00f3 del gobierno, los l\u00edderes del PLD hab\u00edan perdido ya la introspecci\u00f3n, abandon\u00e1ndose al disfrute del lujo y la riqueza. Eran incapaces de salir de su particularidad restringida. Desconoc\u00edan todo aquello que en la boca del maestro prefiguraba un ideal, se hab\u00eda borrado ante sus puertas. Ya no encarnaban un proyecto social, Juan Bosch era un cad\u00e1ver perfumado en un armario, al cual sacaban de cuando en vez con sahumerios y mirra olorosa. Sobre el pa\u00eds hab\u00eda ca\u00eddo todo el cinismo implacable que da armas a la impunidad, y las instituciones asumieron el vivo s\u00edmbolo del rechazo y la denegaci\u00f3n. Todo el tinglado de la dominaci\u00f3n se mov\u00eda con ardor sin la menor norma. Y sobre \u00e9se andamiaje se mont\u00f3 Danilo Medina Si Leonel Fern\u00e1ndez gobern\u00f3 para los poderosos, y para el c\u00edrculo de nuevos millonarios surgidos de su propia gesti\u00f3n de estado; Danilo Medina gobierna, fundamentalmente, para el grupo econ\u00f3mico que vino desde fuera del PLD, y financi\u00f3 su proyecto pol\u00edtico, y se transform\u00f3 en una casta opuesta a la de Leonel Fern\u00e1ndez. Dice Jos\u00e9 Ram\u00f3n Peralta que \u201cel danilismo es una realidad, y que en lo que respecta a la reelecci\u00f3n esa realidad actuar\u00e1 seg\u00fan lo que convenga al pueblo\u201d. Pero el fundamento de la relaci\u00f3n de esa \u201crealidad\u201d es el poder, empinado sobre las d\u00e1divas y el uso instrumental de los fondos p\u00fablicos. Jos\u00e9 Ram\u00f3n Peralta no tiene nada en la cabeza que se parezca a una idea, lo que describe es la memoria del manejo de las plebes (el pueblo separado del poder); el dominio que se ejercer sobre ellas con las d\u00e1divas que reparten desde el gobierno. Un comerciante hablando desde el poder reproduce su propia pr\u00e1ctica exitosa, goz\u00e1ndose en su pr\u00e1ctica del dominio de las plebes (el pueblo separado del poder), como una manada moldeable por la miseria material y moral que nos agobia.<\/p>\n\n\n\n<p>TRES<\/p>\n\n\n\n<p>Jos\u00e9 Ram\u00f3n Peralta es un modelo acabado de lo que no deb\u00eda ser la pr\u00e1ctica pol\u00edtica en este pa\u00eds. \u00danicamente en un pa\u00eds en el cual la idea de la democracia encarna una plutocracia desvergonzada, un hombre como \u00e9l es un \u201cl\u00edder\u201d pol\u00edtico. Su discurso y su pr\u00e1ctica han quedado al desnudo, y si Danilo Medina carece de una propuesta ideol\u00f3gico que lo justifique, Jos\u00e9 Ram\u00f3n Peralta lo que lo mueve es otra cosa, muy alejada de esas plebes (el pueblo separado del poder) del cual \u00e9l siempre construye un estereotipo. Roland Barthes dijo que \u201cel estereotipo es la figura mayor de la ideolog\u00eda\u201d. Y si Jos\u00e9 Ram\u00f3n Peralta es un \u201cl\u00edder\u201d es porque \u00e9ste no es un pa\u00eds, sino un calvario, una nada.<\/p>\n\n\n\n<p style=\"text-align:right\">Andr\u00e9s L. Mateo<br> <em>Poeta y escritor<\/em><\/p>\n","protected":false},"excerpt":{"rendered":"<p>UNO El discurso te\u00f3rico suele convertirse en obediencia y taciturnidad. La pol\u00edtica es, particularmente en pa\u00edses como el nuestro, el ocultamiento del verdadero pensamiento, la sustracci\u00f3n en el habla de las reales intenciones, el escamoteo c\u00ednico de lo que nunca se deja conocer. Por eso, siempre lo he dicho, para entender los procesos pol\u00edticos y [&hellip;]<\/p>\n","protected":false},"author":1,"featured_media":0,"comment_status":"open","ping_status":"open","sticky":false,"template":"","format":"standard","meta":{"_bbp_topic_count":0,"_bbp_reply_count":0,"_bbp_total_topic_count":0,"_bbp_total_reply_count":0,"_bbp_voice_count":0,"_bbp_anonymous_reply_count":0,"_bbp_topic_count_hidden":0,"_bbp_reply_count_hidden":0,"_bbp_forum_subforum_count":0,"footnotes":""},"categories":[33],"tags":[],"class_list":{"0":"post-314326","1":"post","2":"type-post","3":"status-publish","4":"format-standard","6":"category-opinion"},"_links":{"self":[{"href":"https:\/\/primermomento.com\/index.php?rest_route=\/wp\/v2\/posts\/314326","targetHints":{"allow":["GET"]}}],"collection":[{"href":"https:\/\/primermomento.com\/index.php?rest_route=\/wp\/v2\/posts"}],"about":[{"href":"https:\/\/primermomento.com\/index.php?rest_route=\/wp\/v2\/types\/post"}],"author":[{"embeddable":true,"href":"https:\/\/primermomento.com\/index.php?rest_route=\/wp\/v2\/users\/1"}],"replies":[{"embeddable":true,"href":"https:\/\/primermomento.com\/index.php?rest_route=%2Fwp%2Fv2%2Fcomments&post=314326"}],"version-history":[{"count":1,"href":"https:\/\/primermomento.com\/index.php?rest_route=\/wp\/v2\/posts\/314326\/revisions"}],"predecessor-version":[{"id":314328,"href":"https:\/\/primermomento.com\/index.php?rest_route=\/wp\/v2\/posts\/314326\/revisions\/314328"}],"wp:attachment":[{"href":"https:\/\/primermomento.com\/index.php?rest_route=%2Fwp%2Fv2%2Fmedia&parent=314326"}],"wp:term":[{"taxonomy":"category","embeddable":true,"href":"https:\/\/primermomento.com\/index.php?rest_route=%2Fwp%2Fv2%2Fcategories&post=314326"},{"taxonomy":"post_tag","embeddable":true,"href":"https:\/\/primermomento.com\/index.php?rest_route=%2Fwp%2Fv2%2Ftags&post=314326"}],"curies":[{"name":"wp","href":"https:\/\/api.w.org\/{rel}","templated":true}]}}