{"id":314329,"date":"2019-01-17T04:52:52","date_gmt":"2019-01-17T08:52:52","guid":{"rendered":"http:\/\/primermomento.com\/?p=314329"},"modified":"2019-01-18T07:55:03","modified_gmt":"2019-01-18T11:55:03","slug":"responsabilidad-del-gobierno","status":"publish","type":"post","link":"https:\/\/primermomento.com\/?p=314329","title":{"rendered":"Responsabilidad del Gobierno"},"content":{"rendered":"\n<p>El presidente Danilo Medina tiene tanta suerte que todav\u00eda los partidos de oposici\u00f3n no le han exigido que explique al pa\u00eds su pol\u00edtica de combate al narcotr\u00e1fico y los esfuerzos que hace su gobierno para esclarecer acontecimientos tan graves como el asesinato del coronel Daniel Ramos Alvarez, comandante de la polic\u00eda preventiva en Bani a manos de un grupo pandillero y el silencio que rodea la incautaci\u00f3n de mil kilogramos de coca\u00edna hace dos meses en el puerto de Haina.<\/p>\n\n\n\n<p>Se generaliza la percepci\u00f3n de impune incremento del narcotr\u00e1fico en el pa\u00eds, y una evidencia es que el a\u00f1o pasado las autoridades incautaron cerca de 6 mil kilogramos de coca\u00edna, casi la mitad en el \u00faltimo trimestre. Para los entendido, el incremento de las incautaciones implica mayor tr\u00e1fico, y se trafica m\u00e1s por las rutas donde se abren mejores facilidades para transportar una de las mercanc\u00edas m\u00e1s lucrativas, que seg\u00fan la ONU genero US$320 mil millones en el 2017.<\/p>\n\n\n\n<div class=\"wp-block-image\"><figure class=\"alignleft\"><img loading=\"lazy\" decoding=\"async\" width=\"145\" height=\"145\" src=\"http:\/\/primermomento.com\/wp-content\/uploads\/2018\/11\/Juan-Bolivar-Diaz-articulista.jpg\" alt=\"\" class=\"wp-image-312117\" srcset=\"https:\/\/primermomento.com\/wp-content\/uploads\/2018\/11\/Juan-Bolivar-Diaz-articulista.jpg 145w, https:\/\/primermomento.com\/wp-content\/uploads\/2018\/11\/Juan-Bolivar-Diaz-articulista-50x50.jpg 50w, https:\/\/primermomento.com\/wp-content\/uploads\/2018\/11\/Juan-Bolivar-Diaz-articulista-118x118.jpg 118w, https:\/\/primermomento.com\/wp-content\/uploads\/2018\/11\/Juan-Bolivar-Diaz-articulista-30x30.jpg 30w\" sizes=\"auto, (max-width: 145px) 100vw, 145px\" \/><\/figure><\/div>\n\n\n\n<p>Expertos internacionales estiman que apenas entre 10 y 20 por ciento de las drogas ilegales caen en manos de las autoridades, y que la isla de Santo Domingo es uno de los puentes para su traslado, especialmente de coca\u00edna, hacia los insaciables mercados de Estados Unidos y Europa.<\/p>\n\n\n\n<p>El 16 de noviembre pasado fue incautado un cargamento de mil kilos de coca\u00edna tra\u00eddos a Haina Oriental por el buque San Am\u00e9rigo, pero extra\u00f1amente se le permiti\u00f3 la partida ese mismo d\u00eda con su capit\u00e1n y sus 21 tripulantes libres, sin que hasta la fecha se haya informado qui\u00e9n era el destinatario de la mercanc\u00eda, aunque desde el primer momento se dijo que hab\u00eda oficiales de la DNCD involucrados. Lo inform\u00f3 el 29 de noviembre el presidente de la DNCD, mayor general Eugenio Matos de la Cruz, quien lo reiter\u00f3 el 5 de diciembre, precisando que hab\u00eda oficiales bajo arresto e investigaci\u00f3n. Cumplidos dos meses, el caso es de misteriosa impunidad.<\/p>\n\n\n\n<p>Lo ocurrido en el barrio Santa Cruz de Ban\u00ed el 8 de enero no estremecer\u00e1 tanto como aquella ejecuci\u00f3n de siete narcotraficantes colombianos y la desaparici\u00f3n de un cargamento de coca\u00edna, ocurrida en el 2008 en Paya, tambi\u00e9n Ban\u00ed, que involucr\u00f3 a oficiales de la Marina de Guerra dominicana, pero tambi\u00e9n tiene ribetes escandalosos y desaf\u00eda la capacidad, honestidad y credibilidad de los investigadores. HOY ha dado cuenta de contrariedad entre una comisi\u00f3n de alto nivel policial y el Procurador fiscal, que investigan el caso.     <\/p>\n\n\n\n<p>Son muchas las explicaciones que se necesitan para esclarecer este asesinato, por ejemplo: por qu\u00e9 el coronel Ramos, quien no era agente anticarc\u00f3ticos, fue quien acudi\u00f3 al lugar donde operaba un negocio de drogas que ahora la DNCD dice que hab\u00eda sido intervenido 20 veces y su principal operador, Rafael Antonio D\u00edaz, sometido en varias ocasiones a la justicia, pero permanec\u00eda en libertad. En vez de aligerar la carga de las autoridades, esa explicaci\u00f3n la complica.<\/p>\n\n\n\n<p>Hay que despejar la responsabilidad de los dos oficiales acompa\u00f1antes de la v\u00edctima en el operativo, sin tropa de respaldo, que lo abandonaron herido, ahora que el senador por la provincia, Wilton Guerrero, denunciara que \u201cel coronel Ramos fue llevado a una emboscada\u201d. Como se le consideraba un oficial honesto, cabe preguntar si lo asesinaron por tratar de imponer autoridad.<\/p>\n\n\n\n<p>El senador Guerrero, como su colega de Pedernales Dionis S\u00e1nchez, no s\u00f3lo denunciaron la proliferaci\u00f3n del narcotr\u00e1fico en la regi\u00f3n sur, sino la complicidad de las autoridades, hasta con detalles de sobornos por semana. La posibilidad de involucramiento de oficiales anticarc\u00f3ticos, no ser\u00eda ninguna novedad, pues ya en el 2013 se extradit\u00f3 a Estados Unidos al ex contralmirante Francisco Hiraldo Guerrero, condenado all\u00ed por asociarse al narcotr\u00e1fico siendo nada menos que jefe de operaciones de la DNCD.<\/p>\n\n\n\n<p>Por cierto, los dos senadores denunciantes no son de la oposici\u00f3n, sino figuras relevantes del partido gobernante, lo que agrava el desaf\u00edo de las autoridades judiciales y policiales, pero tambi\u00e9n del Gobierno, que deber\u00eda enfrentar la proliferaci\u00f3n del tr\u00e1fico interno, por pagos en especies, y las matanzas de las bandas de narcotraficantes, antes que sea demasiado tarde. Hay varios casos de matanzas con signos del narcotr\u00e1fico sin esclarecer, como la triple de anteayer en La Romana, una doble en julio tambi\u00e9n en Ban\u00ed, y la cu\u00e1druple del 28 de diciembre en Guerra.-     <\/p>\n\n\n\n<p style=\"text-align:right\">Juan Bol\u00edvar D\u00edaz <br> <em>Periodista<\/em><\/p>\n","protected":false},"excerpt":{"rendered":"<p>El presidente Danilo Medina tiene tanta suerte que todav\u00eda los partidos de oposici\u00f3n no le han exigido que explique al pa\u00eds su pol\u00edtica de combate al narcotr\u00e1fico y los esfuerzos que hace su gobierno para esclarecer acontecimientos tan graves como el asesinato del coronel Daniel Ramos Alvarez, comandante de la polic\u00eda preventiva en Bani a [&hellip;]<\/p>\n","protected":false},"author":1,"featured_media":0,"comment_status":"open","ping_status":"open","sticky":false,"template":"","format":"standard","meta":{"_bbp_topic_count":0,"_bbp_reply_count":0,"_bbp_total_topic_count":0,"_bbp_total_reply_count":0,"_bbp_voice_count":0,"_bbp_anonymous_reply_count":0,"_bbp_topic_count_hidden":0,"_bbp_reply_count_hidden":0,"_bbp_forum_subforum_count":0,"footnotes":""},"categories":[33],"tags":[],"class_list":{"0":"post-314329","1":"post","2":"type-post","3":"status-publish","4":"format-standard","6":"category-opinion"},"_links":{"self":[{"href":"https:\/\/primermomento.com\/index.php?rest_route=\/wp\/v2\/posts\/314329","targetHints":{"allow":["GET"]}}],"collection":[{"href":"https:\/\/primermomento.com\/index.php?rest_route=\/wp\/v2\/posts"}],"about":[{"href":"https:\/\/primermomento.com\/index.php?rest_route=\/wp\/v2\/types\/post"}],"author":[{"embeddable":true,"href":"https:\/\/primermomento.com\/index.php?rest_route=\/wp\/v2\/users\/1"}],"replies":[{"embeddable":true,"href":"https:\/\/primermomento.com\/index.php?rest_route=%2Fwp%2Fv2%2Fcomments&post=314329"}],"version-history":[{"count":1,"href":"https:\/\/primermomento.com\/index.php?rest_route=\/wp\/v2\/posts\/314329\/revisions"}],"predecessor-version":[{"id":314330,"href":"https:\/\/primermomento.com\/index.php?rest_route=\/wp\/v2\/posts\/314329\/revisions\/314330"}],"wp:attachment":[{"href":"https:\/\/primermomento.com\/index.php?rest_route=%2Fwp%2Fv2%2Fmedia&parent=314329"}],"wp:term":[{"taxonomy":"category","embeddable":true,"href":"https:\/\/primermomento.com\/index.php?rest_route=%2Fwp%2Fv2%2Fcategories&post=314329"},{"taxonomy":"post_tag","embeddable":true,"href":"https:\/\/primermomento.com\/index.php?rest_route=%2Fwp%2Fv2%2Ftags&post=314329"}],"curies":[{"name":"wp","href":"https:\/\/api.w.org\/{rel}","templated":true}]}}