{"id":314338,"date":"2019-01-18T11:33:15","date_gmt":"2019-01-18T15:33:15","guid":{"rendered":"http:\/\/primermomento.com\/?p=314338"},"modified":"2019-01-18T11:33:16","modified_gmt":"2019-01-18T15:33:16","slug":"anuncian-operativo-por-el-dia-de-la-altagracia","status":"publish","type":"post","link":"https:\/\/primermomento.com\/?p=314338","title":{"rendered":"Anuncian operativo por el D\u00eda de la Altagracia"},"content":{"rendered":"\n<p> SANTO DOMINGO, Rep\u00fablica Dominicana.- El Instituto Nacional de Tr\u00e1nsito y  Transporte Terrestre (Intrant), junto al Centro de Operaciones de  Emergencia, anunci\u00f3 el Operativo Altagraciano 2019, para  reducir los  siniestros en el D\u00eda de la Altagracia.                         <br>                          <\/p>\n\n\n\n<figure class=\"wp-block-image\"><img loading=\"lazy\" decoding=\"async\" width=\"1024\" height=\"550\" src=\"http:\/\/primermomento.com\/wp-content\/uploads\/2019\/01\/operativo-la-altagracia-1024x550.jpg\" alt=\"\" class=\"wp-image-314339\" srcset=\"https:\/\/primermomento.com\/wp-content\/uploads\/2019\/01\/operativo-la-altagracia.jpg 1024w, https:\/\/primermomento.com\/wp-content\/uploads\/2019\/01\/operativo-la-altagracia-300x161.jpg 300w, https:\/\/primermomento.com\/wp-content\/uploads\/2019\/01\/operativo-la-altagracia-768x413.jpg 768w, https:\/\/primermomento.com\/wp-content\/uploads\/2019\/01\/operativo-la-altagracia-500x269.jpg 500w, https:\/\/primermomento.com\/wp-content\/uploads\/2019\/01\/operativo-la-altagracia-280x150.jpg 280w, https:\/\/primermomento.com\/wp-content\/uploads\/2019\/01\/operativo-la-altagracia-638x343.jpg 638w, https:\/\/primermomento.com\/wp-content\/uploads\/2019\/01\/operativo-la-altagracia-118x63.jpg 118w, https:\/\/primermomento.com\/wp-content\/uploads\/2019\/01\/operativo-la-altagracia-479x257.jpg 479w\" sizes=\"auto, (max-width: 1024px) 100vw, 1024px\" \/><\/figure>\n\n\n\n<p>El operativo se efectuar\u00e1 desde el domingo 20 a las 08:00, hora local hasta el lunes 21 a las 18:00.<\/p>\n\n\n\n<p>\n Seg\u00fan el Instituto se desplegar\u00e1 una log\u00edstica de seguridad vial y \nasistencia para proteger la vida de los miles de ciudadanos que se \ndesplazan hacia la provincia de La Altagracia para venerar a la virgen.<\/p>\n\n\n\n<p>\n La directora ejecutiva del Intrant, Claudia Franchesca de los Santos, \ndijo que la instituci\u00f3n a ella subordinada  tiene el compromiso de \nacompa\u00f1ar cada una de las acciones  dirigidas a disminuir las muertes de\n dominicanos y accidentes en nuestras v\u00edas.<\/p>\n\n\n\n<p> Por su parte, el  director del Centro de Operaciones, Juan Manuel M\u00e9ndez, se\u00f1al\u00f3 que el  operativo involucra a 22 instituciones y cuenta con tres mil 341  personas las cuales ser\u00e1n ubicadas en puntos estrat\u00e9gicos de autopistas y  carreteras en el trayecto hacia la Bas\u00edlica de Higuey y pidi\u00f3 a la  ciudadan\u00eda conducir con responsabilidad. <\/p>\n\n\n\n<p style=\"text-align:right\">PL<\/p>\n","protected":false},"excerpt":{"rendered":"<p>SANTO DOMINGO, Rep\u00fablica Dominicana.- El Instituto Nacional de Tr\u00e1nsito y Transporte Terrestre (Intrant), junto al Centro de Operaciones de Emergencia, anunci\u00f3 el Operativo Altagraciano 2019, para reducir los siniestros en el D\u00eda de la Altagracia. El operativo se efectuar\u00e1 desde el domingo 20 a las 08:00, hora local hasta el lunes 21 a las 18:00. [&hellip;]<\/p>\n","protected":false},"author":1,"featured_media":0,"comment_status":"open","ping_status":"open","sticky":false,"template":"","format":"standard","meta":{"_bbp_topic_count":0,"_bbp_reply_count":0,"_bbp_total_topic_count":0,"_bbp_total_reply_count":0,"_bbp_voice_count":0,"_bbp_anonymous_reply_count":0,"_bbp_topic_count_hidden":0,"_bbp_reply_count_hidden":0,"_bbp_forum_subforum_count":0,"footnotes":""},"categories":[30,60],"tags":[],"class_list":{"0":"post-314338","1":"post","2":"type-post","3":"status-publish","4":"format-standard","6":"category-actualidad","7":"category-titulares-del-dia"},"_links":{"self":[{"href":"https:\/\/primermomento.com\/index.php?rest_route=\/wp\/v2\/posts\/314338","targetHints":{"allow":["GET"]}}],"collection":[{"href":"https:\/\/primermomento.com\/index.php?rest_route=\/wp\/v2\/posts"}],"about":[{"href":"https:\/\/primermomento.com\/index.php?rest_route=\/wp\/v2\/types\/post"}],"author":[{"embeddable":true,"href":"https:\/\/primermomento.com\/index.php?rest_route=\/wp\/v2\/users\/1"}],"replies":[{"embeddable":true,"href":"https:\/\/primermomento.com\/index.php?rest_route=%2Fwp%2Fv2%2Fcomments&post=314338"}],"version-history":[{"count":1,"href":"https:\/\/primermomento.com\/index.php?rest_route=\/wp\/v2\/posts\/314338\/revisions"}],"predecessor-version":[{"id":314340,"href":"https:\/\/primermomento.com\/index.php?rest_route=\/wp\/v2\/posts\/314338\/revisions\/314340"}],"wp:attachment":[{"href":"https:\/\/primermomento.com\/index.php?rest_route=%2Fwp%2Fv2%2Fmedia&parent=314338"}],"wp:term":[{"taxonomy":"category","embeddable":true,"href":"https:\/\/primermomento.com\/index.php?rest_route=%2Fwp%2Fv2%2Fcategories&post=314338"},{"taxonomy":"post_tag","embeddable":true,"href":"https:\/\/primermomento.com\/index.php?rest_route=%2Fwp%2Fv2%2Ftags&post=314338"}],"curies":[{"name":"wp","href":"https:\/\/api.w.org\/{rel}","templated":true}]}}