{"id":314377,"date":"2019-01-19T15:01:08","date_gmt":"2019-01-19T19:01:08","guid":{"rendered":"http:\/\/primermomento.com\/?p=314377"},"modified":"2019-01-19T15:01:10","modified_gmt":"2019-01-19T19:01:10","slug":"aumentan-a-66-los-muertos-por-explosion-de-ducto-en-mexico","status":"publish","type":"post","link":"https:\/\/primermomento.com\/?p=314377","title":{"rendered":"Aumentan a 66 los muertos por explosi\u00f3n de ducto en M\u00e9xico"},"content":{"rendered":"\n<p>CIUDAD DE MEXICO, M\u00e9xico.- A 66 aumentaron los  muertos por la explosi\u00f3n en un ducto de Hidalgo, M\u00e9xico, a consecuencia  de una perforaci\u00f3n il\u00edcita realizada por ladrones de gasolina, dijo hoy  el gobernado local, Omar Fayad.                         <br>                          <\/p>\n\n\n\n<figure class=\"wp-block-image\"><img loading=\"lazy\" decoding=\"async\" width=\"748\" height=\"498\" src=\"http:\/\/primermomento.com\/wp-content\/uploads\/2019\/01\/y-mexico-lopez.jpg\" alt=\"\" class=\"wp-image-314378\" srcset=\"https:\/\/primermomento.com\/wp-content\/uploads\/2019\/01\/y-mexico-lopez.jpg 748w, https:\/\/primermomento.com\/wp-content\/uploads\/2019\/01\/y-mexico-lopez-300x200.jpg 300w, https:\/\/primermomento.com\/wp-content\/uploads\/2019\/01\/y-mexico-lopez-73x50.jpg 73w, https:\/\/primermomento.com\/wp-content\/uploads\/2019\/01\/y-mexico-lopez-500x333.jpg 500w, https:\/\/primermomento.com\/wp-content\/uploads\/2019\/01\/y-mexico-lopez-280x186.jpg 280w, https:\/\/primermomento.com\/wp-content\/uploads\/2019\/01\/y-mexico-lopez-60x40.jpg 60w, https:\/\/primermomento.com\/wp-content\/uploads\/2019\/01\/y-mexico-lopez-638x425.jpg 638w, https:\/\/primermomento.com\/wp-content\/uploads\/2019\/01\/y-mexico-lopez-118x79.jpg 118w, https:\/\/primermomento.com\/wp-content\/uploads\/2019\/01\/y-mexico-lopez-479x319.jpg 479w\" sizes=\"auto, (max-width: 748px) 100vw, 748px\" \/><\/figure>\n\n\n\n<p>En la conferencia matutina del presidente Andr\u00e9s Manuel L\u00f3pez Obrador en  el Palacio Nacional, a pesar de que hoy no correspond\u00eda, el gobernador  explic\u00f3 en detalle todo lo ocurrido seg\u00fan la observaci\u00f3n in situ y el  r\u00e9cord que se llevaba de las notificaciones del vandalismo cometido.<\/p>\n\n\n\n<p>\n Las cifras pueden aumentar pues se est\u00e1n recopilando en estos momentos \nlos datos que est\u00e1n dando los familiares sobre desaparecidos. Se sabe \nque en el n\u00facleo de la explosi\u00f3n y el incendio hay cuerpos calcinados no\n identificados por el estado en que quedaron.<\/p>\n\n\n\n<p> Es posible que se \ntrate de las personas que estaban m\u00e1s cerca del lugar pues cuando los \nvecinos de Tlahuelilpan conocieron de la fuga corrieron hacia all\u00ed con \ntodo tipo de vasijas para llenarlas de combustible, y una gran parte \nestaba en la boca del salidero que parec\u00eda un surtidor por la alta \npresi\u00f3n del fluido.<\/p>\n\n\n\n<p> El gobernador dijo que estuvieron haciendo \nde inmediato un diagn\u00f3stico de la situaci\u00f3n desde que se report\u00f3 el \nsalidero, y se tomaron acciones de inmediato para atender a las personas\n afectadas <\/p>\n\n\n\n<p>Alrededor de las 16:50 horas de ayer Pemex anunci\u00f3 la\n perforaci\u00f3n ilegal y las fuerzas armadas acuden al lugar pero poco \ntiempo m\u00e1s tarde ya los vecinos sal\u00edan en masa con cubos y bidones y fue\n pr\u00e1cticamente imposible detenerlos a pesar de que se intent\u00f3 acordonar \nel lugar.<\/p>\n\n\n\n<p> A las 18.50 se inform\u00f3 de una explosi\u00f3n, que la toma \nestaba ardiendo y las llamas de 27 metros de altura consumiendo todo lo \nque hab\u00eda alrededor y hab\u00eda fallecidos y quemados.<\/p>\n\n\n\n<p> Hicimos \ncontacto con el secretario de Seguridad y Protecci\u00f3n Alfonso Durazo y la\n Secretaria Defensa de la 18 zona militar para poner en marcha el plan \nde asistencia a la poblaci\u00f3n, y funcionarios federales al lugar de los \nhechos donde estaban los secretarios de Defensa, Marina y Pemex.<\/p>\n\n\n\n<p> Pero ya el mal estaba hecho. Los huachicaleros hab\u00edan provocado una enorme tragedia. <\/p>\n\n\n\n<p style=\"text-align:right\">PL<\/p>\n","protected":false},"excerpt":{"rendered":"<p>CIUDAD DE MEXICO, M\u00e9xico.- A 66 aumentaron los muertos por la explosi\u00f3n en un ducto de Hidalgo, M\u00e9xico, a consecuencia de una perforaci\u00f3n il\u00edcita realizada por ladrones de gasolina, dijo hoy el gobernado local, Omar Fayad. En la conferencia matutina del presidente Andr\u00e9s Manuel L\u00f3pez Obrador en el Palacio Nacional, a pesar de que hoy [&hellip;]<\/p>\n","protected":false},"author":1,"featured_media":0,"comment_status":"open","ping_status":"open","sticky":false,"template":"","format":"standard","meta":{"_bbp_topic_count":0,"_bbp_reply_count":0,"_bbp_total_topic_count":0,"_bbp_total_reply_count":0,"_bbp_voice_count":0,"_bbp_anonymous_reply_count":0,"_bbp_topic_count_hidden":0,"_bbp_reply_count_hidden":0,"_bbp_forum_subforum_count":0,"footnotes":""},"categories":[60,61],"tags":[],"class_list":{"0":"post-314377","1":"post","2":"type-post","3":"status-publish","4":"format-standard","6":"category-titulares-del-dia","7":"category-mundo"},"_links":{"self":[{"href":"https:\/\/primermomento.com\/index.php?rest_route=\/wp\/v2\/posts\/314377","targetHints":{"allow":["GET"]}}],"collection":[{"href":"https:\/\/primermomento.com\/index.php?rest_route=\/wp\/v2\/posts"}],"about":[{"href":"https:\/\/primermomento.com\/index.php?rest_route=\/wp\/v2\/types\/post"}],"author":[{"embeddable":true,"href":"https:\/\/primermomento.com\/index.php?rest_route=\/wp\/v2\/users\/1"}],"replies":[{"embeddable":true,"href":"https:\/\/primermomento.com\/index.php?rest_route=%2Fwp%2Fv2%2Fcomments&post=314377"}],"version-history":[{"count":1,"href":"https:\/\/primermomento.com\/index.php?rest_route=\/wp\/v2\/posts\/314377\/revisions"}],"predecessor-version":[{"id":314379,"href":"https:\/\/primermomento.com\/index.php?rest_route=\/wp\/v2\/posts\/314377\/revisions\/314379"}],"wp:attachment":[{"href":"https:\/\/primermomento.com\/index.php?rest_route=%2Fwp%2Fv2%2Fmedia&parent=314377"}],"wp:term":[{"taxonomy":"category","embeddable":true,"href":"https:\/\/primermomento.com\/index.php?rest_route=%2Fwp%2Fv2%2Fcategories&post=314377"},{"taxonomy":"post_tag","embeddable":true,"href":"https:\/\/primermomento.com\/index.php?rest_route=%2Fwp%2Fv2%2Ftags&post=314377"}],"curies":[{"name":"wp","href":"https:\/\/api.w.org\/{rel}","templated":true}]}}