{"id":314399,"date":"2019-01-21T11:05:25","date_gmt":"2019-01-21T15:05:25","guid":{"rendered":"http:\/\/primermomento.com\/?p=314399"},"modified":"2019-01-21T11:20:07","modified_gmt":"2019-01-21T15:20:07","slug":"anunciadas-nevadas-en-ny-fueron-debiles-pero-el-frio-es-artico","status":"publish","type":"post","link":"https:\/\/primermomento.com\/?p=314399","title":{"rendered":"Anunciadas nevadas en NY fueron d\u00e9biles; pero el fr\u00edo es \u00e1rtico"},"content":{"rendered":"\n<p>\u00a0NUEVA YORK, Nueva York.- Las serias advertencias que hicieran las autoridades neoyorkinas sobre las fuertes tormentas de nieves que azotar\u00edan esta ciudad el pasado fin de semana, resultaron ser d\u00e9biles, pero el fr\u00edo se siente \u00e1rtico desde la noche de este domingo, ya que la temperatura ronda los 12 grados\u00a0<em>Fahrenheit, que ha causado trastornos, iniciando la semana, en el desenvolvimiento diario de miles de dominicanos y otras etnias.<\/em><\/p>\n\n\n\n<figure class=\"wp-block-image\"><img loading=\"lazy\" decoding=\"async\" width=\"728\" height=\"294\" src=\"http:\/\/primermomento.com\/wp-content\/uploads\/2019\/01\/Anunciadas-nevadas-NY-fueron-d\u00e9biles-pero-el-fr\u00edo-es-\u00e1rtico.jpg\" alt=\"\" class=\"wp-image-314400\" srcset=\"https:\/\/primermomento.com\/wp-content\/uploads\/2019\/01\/Anunciadas-nevadas-NY-fueron-d\u00e9biles-pero-el-fr\u00edo-es-\u00e1rtico.jpg 728w, https:\/\/primermomento.com\/wp-content\/uploads\/2019\/01\/Anunciadas-nevadas-NY-fueron-d\u00e9biles-pero-el-fr\u00edo-es-\u00e1rtico-300x121.jpg 300w, https:\/\/primermomento.com\/wp-content\/uploads\/2019\/01\/Anunciadas-nevadas-NY-fueron-d\u00e9biles-pero-el-fr\u00edo-es-\u00e1rtico-500x202.jpg 500w, https:\/\/primermomento.com\/wp-content\/uploads\/2019\/01\/Anunciadas-nevadas-NY-fueron-d\u00e9biles-pero-el-fr\u00edo-es-\u00e1rtico-280x113.jpg 280w, https:\/\/primermomento.com\/wp-content\/uploads\/2019\/01\/Anunciadas-nevadas-NY-fueron-d\u00e9biles-pero-el-fr\u00edo-es-\u00e1rtico-638x258.jpg 638w, https:\/\/primermomento.com\/wp-content\/uploads\/2019\/01\/Anunciadas-nevadas-NY-fueron-d\u00e9biles-pero-el-fr\u00edo-es-\u00e1rtico-118x48.jpg 118w, https:\/\/primermomento.com\/wp-content\/uploads\/2019\/01\/Anunciadas-nevadas-NY-fueron-d\u00e9biles-pero-el-fr\u00edo-es-\u00e1rtico-479x193.jpg 479w\" sizes=\"auto, (max-width: 728px) 100vw, 728px\" \/><\/figure>\n\n\n\n<p><em>Varias\navenidas, calles y aceras de la Gran Manzana amanecieron con capas de hielo,\nconvirti\u00e9ndolas en altamente peligrosas para el tr\u00e1fico de autos y peatones.<\/em><\/p>\n\n\n\n<p><em>El\nfr\u00edo es extremo, las personas se dirigen a sus labores caminando ataviados con\ngruesas vestimentas (abrigos, bufanda, guantes, orejeras, gorros y botas de\nlana), caminan raudos, cientos de criollos no han salido a efectuar sus ventas\ncallejeras, como de costumbres y otros optaron por no asistir a sus labores.<\/em><\/p>\n\n\n\n<p><em>Este\nlunes no es laborable, por ser d\u00eda de Mart\u00edn Luther King Jr., l\u00edder de los\n\u201cDerechos Civiles\u201d en Estados Unidos, pero muchas empresas laboran.&nbsp;&nbsp;<\/em><\/p>\n\n\n\n<p>Asimismo, durante las pr\u00f3ximas 24\nhoras las temperaturas rondar\u00e1n los 10 grados&nbsp;<em>Fahrenheit, pero por la\nsensaci\u00f3n t\u00e9rmica podr\u00edan sentirse en los 2\u00b0, debido al factor viento, que\nfluye los 60 kil\u00f3metros por horas.<\/em><\/p>\n\n\n\n<p>El Departamento de Manejo de\nEmergencias inst\u00f3 a los residentes&nbsp;quedarse en sus hogares.<\/p>\n\n\n\n<p>Luego, el resto de la semana las temperaturas subir\u00e1n, pero permanecer\u00e1n por debajo del punto de congelaci\u00f3n que son los 32\u00b0.<\/p>\n\n\n\n<p style=\"text-align:right\">Ram\u00f3n Mercedes<\/p>\n","protected":false},"excerpt":{"rendered":"<p>\u00a0NUEVA YORK, Nueva York.- Las serias advertencias que hicieran las autoridades neoyorkinas sobre las fuertes tormentas de nieves que azotar\u00edan esta ciudad el pasado fin de semana, resultaron ser d\u00e9biles, pero el fr\u00edo se siente \u00e1rtico desde la noche de este domingo, ya que la temperatura ronda los 12 grados\u00a0Fahrenheit, que ha causado trastornos, iniciando [&hellip;]<\/p>\n","protected":false},"author":1,"featured_media":0,"comment_status":"open","ping_status":"open","sticky":false,"template":"","format":"standard","meta":{"_bbp_topic_count":0,"_bbp_reply_count":0,"_bbp_total_topic_count":0,"_bbp_total_reply_count":0,"_bbp_voice_count":0,"_bbp_anonymous_reply_count":0,"_bbp_topic_count_hidden":0,"_bbp_reply_count_hidden":0,"_bbp_forum_subforum_count":0,"footnotes":""},"categories":[60,38],"tags":[],"class_list":{"0":"post-314399","1":"post","2":"type-post","3":"status-publish","4":"format-standard","6":"category-titulares-del-dia","7":"category-sociedad"},"_links":{"self":[{"href":"https:\/\/primermomento.com\/index.php?rest_route=\/wp\/v2\/posts\/314399","targetHints":{"allow":["GET"]}}],"collection":[{"href":"https:\/\/primermomento.com\/index.php?rest_route=\/wp\/v2\/posts"}],"about":[{"href":"https:\/\/primermomento.com\/index.php?rest_route=\/wp\/v2\/types\/post"}],"author":[{"embeddable":true,"href":"https:\/\/primermomento.com\/index.php?rest_route=\/wp\/v2\/users\/1"}],"replies":[{"embeddable":true,"href":"https:\/\/primermomento.com\/index.php?rest_route=%2Fwp%2Fv2%2Fcomments&post=314399"}],"version-history":[{"count":1,"href":"https:\/\/primermomento.com\/index.php?rest_route=\/wp\/v2\/posts\/314399\/revisions"}],"predecessor-version":[{"id":314401,"href":"https:\/\/primermomento.com\/index.php?rest_route=\/wp\/v2\/posts\/314399\/revisions\/314401"}],"wp:attachment":[{"href":"https:\/\/primermomento.com\/index.php?rest_route=%2Fwp%2Fv2%2Fmedia&parent=314399"}],"wp:term":[{"taxonomy":"category","embeddable":true,"href":"https:\/\/primermomento.com\/index.php?rest_route=%2Fwp%2Fv2%2Fcategories&post=314399"},{"taxonomy":"post_tag","embeddable":true,"href":"https:\/\/primermomento.com\/index.php?rest_route=%2Fwp%2Fv2%2Ftags&post=314399"}],"curies":[{"name":"wp","href":"https:\/\/api.w.org\/{rel}","templated":true}]}}