{"id":314402,"date":"2019-01-21T11:25:10","date_gmt":"2019-01-21T15:25:10","guid":{"rendered":"http:\/\/primermomento.com\/?p=314402"},"modified":"2019-01-21T11:25:12","modified_gmt":"2019-01-21T15:25:12","slug":"pais-venera-a-la-virgen-de-la-altagracia","status":"publish","type":"post","link":"https:\/\/primermomento.com\/?p=314402","title":{"rendered":"Pa\u00eds venera a la Virgen de la Altagracia"},"content":{"rendered":"\n<p>SANTO DOMINGO, Rep\u00fablica Dominicana.- Como cada 21 de enero, cientos de miles  de dominicanos veneran hoy a su Patrona, la Virgen de la Altagracia, con  un peregrinaje hacia la Bas\u00edlica de Higuey, provincia La Altagracia,  para rendirle tributo y fe.                         <br>                          <\/p>\n\n\n\n<figure class=\"wp-block-image\"><img loading=\"lazy\" decoding=\"async\" width=\"525\" height=\"350\" src=\"http:\/\/primermomento.com\/wp-content\/uploads\/2019\/01\/virgen-la-altagracia.jpg\" alt=\"\" class=\"wp-image-314403\" srcset=\"https:\/\/primermomento.com\/wp-content\/uploads\/2019\/01\/virgen-la-altagracia.jpg 525w, https:\/\/primermomento.com\/wp-content\/uploads\/2019\/01\/virgen-la-altagracia-300x200.jpg 300w, https:\/\/primermomento.com\/wp-content\/uploads\/2019\/01\/virgen-la-altagracia-73x50.jpg 73w, https:\/\/primermomento.com\/wp-content\/uploads\/2019\/01\/virgen-la-altagracia-500x333.jpg 500w, https:\/\/primermomento.com\/wp-content\/uploads\/2019\/01\/virgen-la-altagracia-280x187.jpg 280w, https:\/\/primermomento.com\/wp-content\/uploads\/2019\/01\/virgen-la-altagracia-60x40.jpg 60w, https:\/\/primermomento.com\/wp-content\/uploads\/2019\/01\/virgen-la-altagracia-118x79.jpg 118w, https:\/\/primermomento.com\/wp-content\/uploads\/2019\/01\/virgen-la-altagracia-479x319.jpg 479w\" sizes=\"auto, (max-width: 525px) 100vw, 525px\" \/><\/figure>\n\n\n\n<p>Los devotos se  desplazaron desde de los m\u00e1s dis\u00edmiles y apartados puntos de la  geograf\u00eda nacional hacia la Bas\u00edlica, donde est\u00e1 la imagen venerada por  los habitantes de esta naci\u00f3n.<\/p>\n\n\n\n<p> Seg\u00fan los historiadores, es una \ntradici\u00f3n iniciada en el siglo XVI en la parte de Santo Domingo de la \nisla La Espa\u00f1ola, y en torno al hecho han surgido leyendas y mitos.<\/p>\n\n\n\n<p>\n La historia confirma que a ella dedicaron su triunfo los espa\u00f1oles de \nlas milicias de Hig\u00fcey y El Seibo, que comandados por Francisco Segura, \nen la batalla de la Sabana Real, derrotaron a los franceses que \ninvadieron Santo Domingo desde la Isla Tortuga.<\/p>\n\n\n\n<p> Lo cierto es que\n en el siglo XX, la Virgen fue coronada por dos papa: P\u00edo XI y Juan \nPablo II. Su primera coronaci\u00f3n fue el 15 de agosto de 1922, cuando P\u00edo \nXI visit\u00f3 la Rep\u00fablica Dominicana y cinco a\u00f1os despu\u00e9s declar\u00f3 la \nfestividad.<\/p>\n\n\n\n<p> El templo de Hig\u00fcey es la catedral de la Di\u00f3cesis de\n Nuestra Se\u00f1ora de la Altagracia, uno de los santuarios m\u00e1s concurridos \nno solo por dominicanos, sino por extranjeros de diferentes partes del \nmundo.<\/p>\n\n\n\n<p> La Bas\u00edlica comenz\u00f3 a construirse en 1954 por \u00f3rdenes del  primer obispo de Hig\u00fcey, Monse\u00f1or Juan F\u00e9lix Pep\u00e9n, construcci\u00f3n que  dur\u00f3 17 a\u00f1os, y fue inaugurada el 21 de enero de 1971. <\/p>\n\n\n\n<p style=\"text-align:right\"><em>PL<\/em><\/p>\n","protected":false},"excerpt":{"rendered":"<p>SANTO DOMINGO, Rep\u00fablica Dominicana.- Como cada 21 de enero, cientos de miles de dominicanos veneran hoy a su Patrona, la Virgen de la Altagracia, con un peregrinaje hacia la Bas\u00edlica de Higuey, provincia La Altagracia, para rendirle tributo y fe. Los devotos se desplazaron desde de los m\u00e1s dis\u00edmiles y apartados puntos de la geograf\u00eda [&hellip;]<\/p>\n","protected":false},"author":1,"featured_media":0,"comment_status":"open","ping_status":"open","sticky":false,"template":"","format":"standard","meta":{"_bbp_topic_count":0,"_bbp_reply_count":0,"_bbp_total_topic_count":0,"_bbp_total_reply_count":0,"_bbp_voice_count":0,"_bbp_anonymous_reply_count":0,"_bbp_topic_count_hidden":0,"_bbp_reply_count_hidden":0,"_bbp_forum_subforum_count":0,"footnotes":""},"categories":[30,60],"tags":[],"class_list":{"0":"post-314402","1":"post","2":"type-post","3":"status-publish","4":"format-standard","6":"category-actualidad","7":"category-titulares-del-dia"},"_links":{"self":[{"href":"https:\/\/primermomento.com\/index.php?rest_route=\/wp\/v2\/posts\/314402","targetHints":{"allow":["GET"]}}],"collection":[{"href":"https:\/\/primermomento.com\/index.php?rest_route=\/wp\/v2\/posts"}],"about":[{"href":"https:\/\/primermomento.com\/index.php?rest_route=\/wp\/v2\/types\/post"}],"author":[{"embeddable":true,"href":"https:\/\/primermomento.com\/index.php?rest_route=\/wp\/v2\/users\/1"}],"replies":[{"embeddable":true,"href":"https:\/\/primermomento.com\/index.php?rest_route=%2Fwp%2Fv2%2Fcomments&post=314402"}],"version-history":[{"count":1,"href":"https:\/\/primermomento.com\/index.php?rest_route=\/wp\/v2\/posts\/314402\/revisions"}],"predecessor-version":[{"id":314404,"href":"https:\/\/primermomento.com\/index.php?rest_route=\/wp\/v2\/posts\/314402\/revisions\/314404"}],"wp:attachment":[{"href":"https:\/\/primermomento.com\/index.php?rest_route=%2Fwp%2Fv2%2Fmedia&parent=314402"}],"wp:term":[{"taxonomy":"category","embeddable":true,"href":"https:\/\/primermomento.com\/index.php?rest_route=%2Fwp%2Fv2%2Fcategories&post=314402"},{"taxonomy":"post_tag","embeddable":true,"href":"https:\/\/primermomento.com\/index.php?rest_route=%2Fwp%2Fv2%2Ftags&post=314402"}],"curies":[{"name":"wp","href":"https:\/\/api.w.org\/{rel}","templated":true}]}}