{"id":314405,"date":"2019-01-21T11:10:08","date_gmt":"2019-01-21T15:10:08","guid":{"rendered":"http:\/\/primermomento.com\/?p=314405"},"modified":"2019-01-21T11:30:54","modified_gmt":"2019-01-21T15:30:54","slug":"kamala-harris-se-une-a-democratas-aspirantes-a-presidencia-de-eeuu","status":"publish","type":"post","link":"https:\/\/primermomento.com\/?p=314405","title":{"rendered":"Kamala Harris se une a dem\u00f3cratas aspirantes a Presidencia de EEUU"},"content":{"rendered":"\n<p> WASHINGTON, Distrito de Columbia.- La senadora dem\u00f3crata Kamala Harris  anunci\u00f3 hoy su candidatura a la Casa Blanca estadounidense, al  manifestar que lleg\u00f3 el momento de luchar contra lo que considera  injusticias de la presidencia de Donald Trump.                         <br>                          <\/p>\n\n\n\n<figure class=\"wp-block-image\"><img loading=\"lazy\" decoding=\"async\" width=\"980\" height=\"550\" src=\"http:\/\/primermomento.com\/wp-content\/uploads\/2019\/01\/Kamala-Harris.jpg\" alt=\"\" class=\"wp-image-314406\" srcset=\"https:\/\/primermomento.com\/wp-content\/uploads\/2019\/01\/Kamala-Harris.jpg 980w, https:\/\/primermomento.com\/wp-content\/uploads\/2019\/01\/Kamala-Harris-300x168.jpg 300w, https:\/\/primermomento.com\/wp-content\/uploads\/2019\/01\/Kamala-Harris-768x431.jpg 768w, https:\/\/primermomento.com\/wp-content\/uploads\/2019\/01\/Kamala-Harris-216x120.jpg 216w, https:\/\/primermomento.com\/wp-content\/uploads\/2019\/01\/Kamala-Harris-500x281.jpg 500w, https:\/\/primermomento.com\/wp-content\/uploads\/2019\/01\/Kamala-Harris-280x157.jpg 280w, https:\/\/primermomento.com\/wp-content\/uploads\/2019\/01\/Kamala-Harris-638x358.jpg 638w, https:\/\/primermomento.com\/wp-content\/uploads\/2019\/01\/Kamala-Harris-118x66.jpg 118w, https:\/\/primermomento.com\/wp-content\/uploads\/2019\/01\/Kamala-Harris-479x269.jpg 479w\" sizes=\"auto, (max-width: 980px) 100vw, 980px\" \/><\/figure>\n\n\n\n<p>La legisladora por California, vista de antemano por medios y analistas  como posible contendiente en unas primarias dem\u00f3cratas con una gran  cantidad de aspirantes, dio a conocer su postulaci\u00f3n esta ma\u00f1ana en el  programa Good Morging America de la cadena ABC.<\/p>\n\n\n\n<p> &#8216;Justicia. \nDecencia. Igualdad. Libertad. Democracia. No son solo palabras. Son los \nvalores que apreciamos los estadounidenses&#8217;, expres\u00f3 en un video que \ncomenz\u00f3 a distribuirse en las redes sociales en el momento de su \naparici\u00f3n en el espacio televisivo.<\/p>\n\n\n\n<p> El futuro de nuestro pa\u00eds \ndepende de que usted y otros millones de personas alcemos nuestras voces\n para luchar por nuestros valores norteamericanos. Por eso me postulo \npara presidenta de Estados Unidos, agreg\u00f3 la senadora, quien realizar\u00e1 \nel lanzamiento oficial de su campa\u00f1a el domingo en la ciudad de Oakland,\n California.<\/p>\n\n\n\n<p> Harris es la primera afronorteamericana en anunciar\n una candidatura a la Casa Blanca en 2020 y la cuarta mujer en unirse a \nla carrera del partido azul.<\/p>\n\n\n\n<p> Anteriormente sus colegas del \nSenado Elizabeth Warren y Kirsten Gillibrand dieron a conocer la \ncreaci\u00f3n de comit\u00e9s exploratorios, un paso previo a una candidatura \noficial; y la congresista por Haw\u00e1i Tulsi Gabbard tambi\u00e9n dijo que \npretende aspirar a la mansi\u00f3n ejecutiva.<\/p>\n\n\n\n<p> El anuncio de la \nlegisladora de 54 a\u00f1os, quien antes de ser elegida a la C\u00e1mara Alta en \n2016 fue fiscal general de California desde 2010, ocurri\u00f3 cuando Estados\n Unidos celebra el D\u00eda de Martin Luther King Jr.<\/p>\n\n\n\n<p> Su campa\u00f1a \nse\u00f1al\u00f3 que Shirley Chisholm, la primera mujer negra en postularse para \npresidenta por un partido importante, el Dem\u00f3crata, lanz\u00f3 su campa\u00f1a \nhace 47 a\u00f1os tambi\u00e9n en la semana en la cual se conmemora esta jornada \ndedicada al luchador por los derechos civiles y ganador del Premio Nobel\n de la Paz en 1964.<\/p>\n\n\n\n<p> Al mismo tiempo, el equipo de la senadora \ndestac\u00f3 su carrera y los temas que han sido prioridades para Harris, al \ncitar su experiencia en cuestiones como la vivienda, el acceso a una \nuniversidad asequible y la lucha contra los asaltos sexuales.<\/p>\n\n\n\n<p> En\n sus propuestas se incluyen recortes de impuestos a la clase media, \nalivio de alquileres, revisiones de los sistemas de inmigraci\u00f3n y \njusticia penal, y la iniciativa de cobertura de salud Medicare para \ntodos.<\/p>\n\n\n\n<p> A diferencia de Warren, Gillibrand o el exsecretario de \nVivienda y Desarrollo Urbano Juli\u00e1n Castro, quien tambi\u00e9n anunci\u00f3 ya su \npostulaci\u00f3n, Harris no form\u00f3 inicialmente un comit\u00e9 exploratorio, sino \nque lanz\u00f3 una campa\u00f1a presidencial a gran escala.<\/p>\n\n\n\n<p> Junto con esos  nombres, la carrera dem\u00f3crata para buscar a un posible contrincante de  Trump el a\u00f1o pr\u00f3ximo podr\u00eda incluir los de figuras como el senador  Bernie Sanders, el exvicepresidente Joe Biden y el congresista y  excandidato al Senado por Texas Beto O&#8217;Rourke.<\/p>\n\n\n\n<p style=\"text-align:right\">PL<br><\/p>\n","protected":false},"excerpt":{"rendered":"<p>WASHINGTON, Distrito de Columbia.- La senadora dem\u00f3crata Kamala Harris anunci\u00f3 hoy su candidatura a la Casa Blanca estadounidense, al manifestar que lleg\u00f3 el momento de luchar contra lo que considera injusticias de la presidencia de Donald Trump. La legisladora por California, vista de antemano por medios y analistas como posible contendiente en unas primarias dem\u00f3cratas [&hellip;]<\/p>\n","protected":false},"author":1,"featured_media":0,"comment_status":"open","ping_status":"open","sticky":false,"template":"","format":"standard","meta":{"_bbp_topic_count":0,"_bbp_reply_count":0,"_bbp_total_topic_count":0,"_bbp_total_reply_count":0,"_bbp_voice_count":0,"_bbp_anonymous_reply_count":0,"_bbp_topic_count_hidden":0,"_bbp_reply_count_hidden":0,"_bbp_forum_subforum_count":0,"footnotes":""},"categories":[60,31],"tags":[],"class_list":{"0":"post-314405","1":"post","2":"type-post","3":"status-publish","4":"format-standard","6":"category-titulares-del-dia","7":"category-estados-unidos"},"_links":{"self":[{"href":"https:\/\/primermomento.com\/index.php?rest_route=\/wp\/v2\/posts\/314405","targetHints":{"allow":["GET"]}}],"collection":[{"href":"https:\/\/primermomento.com\/index.php?rest_route=\/wp\/v2\/posts"}],"about":[{"href":"https:\/\/primermomento.com\/index.php?rest_route=\/wp\/v2\/types\/post"}],"author":[{"embeddable":true,"href":"https:\/\/primermomento.com\/index.php?rest_route=\/wp\/v2\/users\/1"}],"replies":[{"embeddable":true,"href":"https:\/\/primermomento.com\/index.php?rest_route=%2Fwp%2Fv2%2Fcomments&post=314405"}],"version-history":[{"count":1,"href":"https:\/\/primermomento.com\/index.php?rest_route=\/wp\/v2\/posts\/314405\/revisions"}],"predecessor-version":[{"id":314407,"href":"https:\/\/primermomento.com\/index.php?rest_route=\/wp\/v2\/posts\/314405\/revisions\/314407"}],"wp:attachment":[{"href":"https:\/\/primermomento.com\/index.php?rest_route=%2Fwp%2Fv2%2Fmedia&parent=314405"}],"wp:term":[{"taxonomy":"category","embeddable":true,"href":"https:\/\/primermomento.com\/index.php?rest_route=%2Fwp%2Fv2%2Fcategories&post=314405"},{"taxonomy":"post_tag","embeddable":true,"href":"https:\/\/primermomento.com\/index.php?rest_route=%2Fwp%2Fv2%2Ftags&post=314405"}],"curies":[{"name":"wp","href":"https:\/\/api.w.org\/{rel}","templated":true}]}}