{"id":314414,"date":"2019-01-21T11:57:32","date_gmt":"2019-01-21T15:57:32","guid":{"rendered":"http:\/\/primermomento.com\/?p=314414"},"modified":"2019-01-21T11:57:34","modified_gmt":"2019-01-21T15:57:34","slug":"bani-capellan-descalifica-a-wilton-guerrero","status":"publish","type":"post","link":"https:\/\/primermomento.com\/?p=314414","title":{"rendered":"BAN\u00cd | Capell\u00e1n descalifica a Wilton Guerrero"},"content":{"rendered":"\n<p>SANTO DOMINGO, Rep\u00fablica Dominicana.- El capell\u00e1n de la Polic\u00eda Nacional, Alejandro Cabrera, mand\u00f3 callar al senador de Peravia, Wilton Guerrero, en respuesta a las manifestaciones realizadas por el legislador solicitando la renuncia del director general de esa instituci\u00f3n, mayor general Ney Aldrin Bautista.<\/p>\n\n\n\n<figure class=\"wp-block-image\"><img loading=\"lazy\" decoding=\"async\" width=\"640\" height=\"480\" src=\"http:\/\/primermomento.com\/wp-content\/uploads\/2017\/07\/Wilton-Guerrero-y-Policias.jpg\" alt=\"\" class=\"wp-image-291727\" srcset=\"https:\/\/primermomento.com\/wp-content\/uploads\/2017\/07\/Wilton-Guerrero-y-Policias.jpg 640w, https:\/\/primermomento.com\/wp-content\/uploads\/2017\/07\/Wilton-Guerrero-y-Policias-300x225.jpg 300w, https:\/\/primermomento.com\/wp-content\/uploads\/2017\/07\/Wilton-Guerrero-y-Policias-120x90.jpg 120w, https:\/\/primermomento.com\/wp-content\/uploads\/2017\/07\/Wilton-Guerrero-y-Policias-500x375.jpg 500w, https:\/\/primermomento.com\/wp-content\/uploads\/2017\/07\/Wilton-Guerrero-y-Policias-280x210.jpg 280w, https:\/\/primermomento.com\/wp-content\/uploads\/2017\/07\/Wilton-Guerrero-y-Policias-638x479.jpg 638w, https:\/\/primermomento.com\/wp-content\/uploads\/2017\/07\/Wilton-Guerrero-y-Policias-118x89.jpg 118w, https:\/\/primermomento.com\/wp-content\/uploads\/2017\/07\/Wilton-Guerrero-y-Policias-479x359.jpg 479w\" sizes=\"auto, (max-width: 640px) 100vw, 640px\" \/><figcaption>Senador Wilton Guerrero. Foto archivo | Primer Momento.<\/figcaption><\/figure>\n\n\n\n<p>El sacerdote calific\u00f3 de \u201cfrescura\u201d las declaraciones de Guerrero, \u201cy sobre todo son maneras tambi\u00e9n provocativas\u201d, dijo ante la prensa tras oficiar la misa dominical en el Palacio de la Polic\u00eda Nacional.<\/p>\n\n\n\n<p>\u201cLe pedimos al senador que permita a la Polic\u00eda actuar y profundizar, y que haga silencio; que se calle, que no toque ciertas teclas que son peligrosas\u201d, dijo.<\/p>\n\n\n\n<p>Adem\u00e1s de conminar al legislador \u201ca pensar antes de hablar\u201d, le inst\u00f3 a que, como senador, \u201chaga su trabajo a favor del pueblo de Ban\u00ed, pero a la Polic\u00eda que la deje actuar y que la deje trabajar\u201d.<\/p>\n\n\n\n<p>A ra\u00edz del asesinato en Ban\u00ed del coronel de la Polic\u00eda Daniel Ramos Alvarez a manos de un narcotraficante, Guerrero pidi\u00f3 al director general de la Polic\u00eda Nacional que renuncie a su cargo, tal y como hizo el presidente de la Direcci\u00f3n Nacional de Control de Drogas (DNCD), mayor general Jos\u00e9 Eugenio Matos de la Cruz, quien fue sustituido por el vicealmirante F\u00e9lix Alburquerque Compr\u00e9s.<\/p>\n\n\n\n<p style=\"text-align:right\">EFE<\/p>\n","protected":false},"excerpt":{"rendered":"<p>SANTO DOMINGO, Rep\u00fablica Dominicana.- El capell\u00e1n de la Polic\u00eda Nacional, Alejandro Cabrera, mand\u00f3 callar al senador de Peravia, Wilton Guerrero, en respuesta a las manifestaciones realizadas por el legislador solicitando la renuncia del director general de esa instituci\u00f3n, mayor general Ney Aldrin Bautista. El sacerdote calific\u00f3 de \u201cfrescura\u201d las declaraciones de Guerrero, \u201cy sobre todo [&hellip;]<\/p>\n","protected":false},"author":1,"featured_media":0,"comment_status":"open","ping_status":"open","sticky":false,"template":"","format":"standard","meta":{"_bbp_topic_count":0,"_bbp_reply_count":0,"_bbp_total_topic_count":0,"_bbp_total_reply_count":0,"_bbp_voice_count":0,"_bbp_anonymous_reply_count":0,"_bbp_topic_count_hidden":0,"_bbp_reply_count_hidden":0,"_bbp_forum_subforum_count":0,"footnotes":""},"categories":[30,60],"tags":[],"class_list":{"0":"post-314414","1":"post","2":"type-post","3":"status-publish","4":"format-standard","6":"category-actualidad","7":"category-titulares-del-dia"},"_links":{"self":[{"href":"https:\/\/primermomento.com\/index.php?rest_route=\/wp\/v2\/posts\/314414","targetHints":{"allow":["GET"]}}],"collection":[{"href":"https:\/\/primermomento.com\/index.php?rest_route=\/wp\/v2\/posts"}],"about":[{"href":"https:\/\/primermomento.com\/index.php?rest_route=\/wp\/v2\/types\/post"}],"author":[{"embeddable":true,"href":"https:\/\/primermomento.com\/index.php?rest_route=\/wp\/v2\/users\/1"}],"replies":[{"embeddable":true,"href":"https:\/\/primermomento.com\/index.php?rest_route=%2Fwp%2Fv2%2Fcomments&post=314414"}],"version-history":[{"count":1,"href":"https:\/\/primermomento.com\/index.php?rest_route=\/wp\/v2\/posts\/314414\/revisions"}],"predecessor-version":[{"id":314415,"href":"https:\/\/primermomento.com\/index.php?rest_route=\/wp\/v2\/posts\/314414\/revisions\/314415"}],"wp:attachment":[{"href":"https:\/\/primermomento.com\/index.php?rest_route=%2Fwp%2Fv2%2Fmedia&parent=314414"}],"wp:term":[{"taxonomy":"category","embeddable":true,"href":"https:\/\/primermomento.com\/index.php?rest_route=%2Fwp%2Fv2%2Fcategories&post=314414"},{"taxonomy":"post_tag","embeddable":true,"href":"https:\/\/primermomento.com\/index.php?rest_route=%2Fwp%2Fv2%2Ftags&post=314414"}],"curies":[{"name":"wp","href":"https:\/\/api.w.org\/{rel}","templated":true}]}}