{"id":314427,"date":"2019-01-22T07:57:56","date_gmt":"2019-01-22T11:57:56","guid":{"rendered":"http:\/\/primermomento.com\/?p=314427"},"modified":"2019-01-22T16:01:53","modified_gmt":"2019-01-22T20:01:53","slug":"carlos-gomez-llama-a-comunidad-dominicana-participar-en-eventos-ofrecera-prsc","status":"publish","type":"post","link":"https:\/\/primermomento.com\/?p=314427","title":{"rendered":"Carlos G\u00f3mez llama a comunidad dominicana participar en eventos ofrecer\u00e1 PRSC"},"content":{"rendered":"\n<p>NUEVA YORK, Nueva York.- El vicepresidente del Partido Reformista Social Cristiano (PRSC), Carlos G\u00f3mez, llam\u00f3 a la comunidad dominicana en esta ciudad y lugares aleda\u00f1os a participar masivamente de los eventos que ofrecer\u00e1 el presidente de esa entidad, Federico Ant\u00fan Batlle (Quique), como forma de fortalecer el sistema democr\u00e1tico quisqueyano.<\/p>\n\n\n\n<div class=\"wp-block-image\"><figure class=\"alignleft\"><img loading=\"lazy\" decoding=\"async\" width=\"285\" height=\"214\" src=\"http:\/\/primermomento.com\/wp-content\/uploads\/2019\/01\/Carlos-G\u00f3mez-1.jpg\" alt=\"\" class=\"wp-image-314429\" srcset=\"https:\/\/primermomento.com\/wp-content\/uploads\/2019\/01\/Carlos-G\u00f3mez-1.jpg 285w, https:\/\/primermomento.com\/wp-content\/uploads\/2019\/01\/Carlos-G\u00f3mez-1-120x90.jpg 120w, https:\/\/primermomento.com\/wp-content\/uploads\/2019\/01\/Carlos-G\u00f3mez-1-280x210.jpg 280w, https:\/\/primermomento.com\/wp-content\/uploads\/2019\/01\/Carlos-G\u00f3mez-1-118x89.jpg 118w\" sizes=\"auto, (max-width: 285px) 100vw, 285px\" \/><figcaption> Carlos G\u00f3mez <\/figcaption><\/figure><\/div>\n\n\n\n<p>El pr\u00f3spero empresario, reconocido por\ndesarrollar labores altruistas y haber sido candidato a diputado de ultramar\npor la Circunscripci\u00f3n UNO, en los Estados Unidos, hace la petici\u00f3n en la\nsustentaci\u00f3n de&nbsp;ampliar el sistema democr\u00e1tico dominicano, que debe estar\nbasado en la participaci\u00f3n de los ciudadanos en la toma de las decisiones para\nregular la vida en sociedad.&nbsp;<\/p>\n\n\n\n<p>As\u00ed mismo, para todos aquellos interesados\nen desarrollar acciones o procesos en busca del poder pol\u00edtico dentro de los\npar\u00e1metros establecidos.<\/p>\n\n\n\n<p>\u201cLos eventos que\nofrecer\u00e1 Ant\u00fan Batlle ser\u00e1n enriquecedores para nuestros connacionales,\nll\u00e1mense pol\u00edticos, profesionales, empresarios, comunitarios o ciudadanos\ncomunes, por el contenido de los mismos\u201d, dijo<\/p>\n\n\n\n<p>Cit\u00f3 entre estos \u201cIntroducci\u00f3n a las\nCiencias Pol\u00edticas\u201d, \u201cRol de los Dominicanos de Ultramar en el Desarrollo de la\nEconom\u00eda y Soberan\u00eda Nacional\u201d, y \u201cEl Pensamiento de Duarte\u201d, entre otros.<\/p>\n\n\n\n<p>A\u00f1adi\u00f3 que nuestra Constituci\u00f3n especifica\nen el numeral 5 del art\u00edculo 39 que se debe promover y garantizar la\nparticipaci\u00f3n equilibrada de hombres y mujeres en las candidaturas a los cargos\nde elecci\u00f3n popular&nbsp;para las instancias de direcci\u00f3n y decisi\u00f3n en el\n\u00e1mbito p\u00fablico, y por eso Ant\u00fan Batlle viene a promover esas cosas.<\/p>\n\n\n\n<p>La agenda reformista consiste en un\nencuentro el pr\u00f3ximo jueves con el reverendo Rub\u00e9n D\u00edaz, a las 10:00 de la\nma\u00f1ana, en la iglesia ubicada en la avenida Longhellow, en El Bronx. El\nviernes, a las noche 8:00 de la noche, una juramentaci\u00f3n con decenas de nuevos\nmilitantes del partido, en la segunda planta del local ubicado en la avenida\nJerome n\u00famero 1781, con la calle 176, en el mismo condado.<\/p>\n\n\n\n<p>El s\u00e1bado, un taller a cargo del Instituto\nde Formaci\u00f3n Pol\u00edtica (IFP), desde las 8:00 A.M. hasta las 2:00,&nbsp;en los\nsalones de \u201cChurch of Scientology Harlem Community Center\u201d, en el 228 East de\nla calle 125, entre las avenidas segunda y tercera en Manhattan.<\/p>\n\n\n\n<p>A&nbsp;las 7:30 de la noche del mismo d\u00eda\nhabr\u00e1&nbsp; una conferencia auspiciada por el Instituto Duartiano-USA en el\nAstoria World Manor-Queens, ubicado en la 2522 de Astoria Boulevard.<\/p>\n\n\n\n<p>El domingo a las 10:00 de la ma\u00f1ana, un desayuno en la residencia de Pablo N\u00fa\u00f1ez, presidente de la filial en Paterson-Nueva Jersey, y a partir de las 2:00 de la tarde la conferencia \u201cRol de los Dominicanos de Ultramar en el Desarrollo de la Econom\u00eda y Soberan\u00eda Nacional\u201d, en el Grand Slam Banquet Hall, ubicado en el 3534 de Broadway con la calle 145, en el Alto Manhattan.<\/p>\n\n\n\n<p style=\"text-align:right\">Ram\u00f3n Mercedes<\/p>\n","protected":false},"excerpt":{"rendered":"<p>NUEVA YORK, Nueva York.- El vicepresidente del Partido Reformista Social Cristiano (PRSC), Carlos G\u00f3mez, llam\u00f3 a la comunidad dominicana en esta ciudad y lugares aleda\u00f1os a participar masivamente de los eventos que ofrecer\u00e1 el presidente de esa entidad, Federico Ant\u00fan Batlle (Quique), como forma de fortalecer el sistema democr\u00e1tico quisqueyano. El pr\u00f3spero empresario, reconocido por [&hellip;]<\/p>\n","protected":false},"author":1,"featured_media":0,"comment_status":"open","ping_status":"open","sticky":false,"template":"","format":"standard","meta":{"_bbp_topic_count":0,"_bbp_reply_count":0,"_bbp_total_topic_count":0,"_bbp_total_reply_count":0,"_bbp_voice_count":0,"_bbp_anonymous_reply_count":0,"_bbp_topic_count_hidden":0,"_bbp_reply_count_hidden":0,"_bbp_forum_subforum_count":0,"footnotes":""},"categories":[60,31],"tags":[],"class_list":{"0":"post-314427","1":"post","2":"type-post","3":"status-publish","4":"format-standard","6":"category-titulares-del-dia","7":"category-estados-unidos"},"_links":{"self":[{"href":"https:\/\/primermomento.com\/index.php?rest_route=\/wp\/v2\/posts\/314427","targetHints":{"allow":["GET"]}}],"collection":[{"href":"https:\/\/primermomento.com\/index.php?rest_route=\/wp\/v2\/posts"}],"about":[{"href":"https:\/\/primermomento.com\/index.php?rest_route=\/wp\/v2\/types\/post"}],"author":[{"embeddable":true,"href":"https:\/\/primermomento.com\/index.php?rest_route=\/wp\/v2\/users\/1"}],"replies":[{"embeddable":true,"href":"https:\/\/primermomento.com\/index.php?rest_route=%2Fwp%2Fv2%2Fcomments&post=314427"}],"version-history":[{"count":1,"href":"https:\/\/primermomento.com\/index.php?rest_route=\/wp\/v2\/posts\/314427\/revisions"}],"predecessor-version":[{"id":314430,"href":"https:\/\/primermomento.com\/index.php?rest_route=\/wp\/v2\/posts\/314427\/revisions\/314430"}],"wp:attachment":[{"href":"https:\/\/primermomento.com\/index.php?rest_route=%2Fwp%2Fv2%2Fmedia&parent=314427"}],"wp:term":[{"taxonomy":"category","embeddable":true,"href":"https:\/\/primermomento.com\/index.php?rest_route=%2Fwp%2Fv2%2Fcategories&post=314427"},{"taxonomy":"post_tag","embeddable":true,"href":"https:\/\/primermomento.com\/index.php?rest_route=%2Fwp%2Fv2%2Ftags&post=314427"}],"curies":[{"name":"wp","href":"https:\/\/api.w.org\/{rel}","templated":true}]}}