{"id":314431,"date":"2019-01-22T09:02:36","date_gmt":"2019-01-22T13:02:36","guid":{"rendered":"http:\/\/primermomento.com\/?p=314431"},"modified":"2019-01-22T16:05:37","modified_gmt":"2019-01-22T20:05:37","slug":"gobernador-cuomo-propone-agresion-a-un-periodista-sea-delito-grave","status":"publish","type":"post","link":"https:\/\/primermomento.com\/?p=314431","title":{"rendered":"Gobernador Cuomo propone agresi\u00f3n a un periodista sea delito grave"},"content":{"rendered":"\n<p>\u00a0NUEVA YORK, Nueva York.- El gobernador del estado de Nueva York, Andrew Cuomo, declar\u00f3 este lunes que est\u00e1 proponiendo hacer de la agresi\u00f3n a un periodista un delito grave y con mayores penas.<\/p>\n\n\n\n<figure class=\"wp-block-image\"><img loading=\"lazy\" decoding=\"async\" width=\"663\" height=\"473\" src=\"http:\/\/primermomento.com\/wp-content\/uploads\/2019\/01\/Gobernador-NY-propone-sea-delito-grave-agresi\u00f3n-a-un-periodistsa.jpg\" alt=\"\" class=\"wp-image-314432\" srcset=\"https:\/\/primermomento.com\/wp-content\/uploads\/2019\/01\/Gobernador-NY-propone-sea-delito-grave-agresi\u00f3n-a-un-periodistsa.jpg 663w, https:\/\/primermomento.com\/wp-content\/uploads\/2019\/01\/Gobernador-NY-propone-sea-delito-grave-agresi\u00f3n-a-un-periodistsa-300x214.jpg 300w, https:\/\/primermomento.com\/wp-content\/uploads\/2019\/01\/Gobernador-NY-propone-sea-delito-grave-agresi\u00f3n-a-un-periodistsa-110x77.jpg 110w, https:\/\/primermomento.com\/wp-content\/uploads\/2019\/01\/Gobernador-NY-propone-sea-delito-grave-agresi\u00f3n-a-un-periodistsa-500x357.jpg 500w, https:\/\/primermomento.com\/wp-content\/uploads\/2019\/01\/Gobernador-NY-propone-sea-delito-grave-agresi\u00f3n-a-un-periodistsa-280x200.jpg 280w, https:\/\/primermomento.com\/wp-content\/uploads\/2019\/01\/Gobernador-NY-propone-sea-delito-grave-agresi\u00f3n-a-un-periodistsa-638x455.jpg 638w, https:\/\/primermomento.com\/wp-content\/uploads\/2019\/01\/Gobernador-NY-propone-sea-delito-grave-agresi\u00f3n-a-un-periodistsa-118x84.jpg 118w, https:\/\/primermomento.com\/wp-content\/uploads\/2019\/01\/Gobernador-NY-propone-sea-delito-grave-agresi\u00f3n-a-un-periodistsa-479x342.jpg 479w\" sizes=\"auto, (max-width: 663px) 100vw, 663px\" \/><figcaption> Andrew Cuomo.<\/figcaption><\/figure>\n\n\n\n<p>De\nser aprobado por los legisladores, los periodistas se unir\u00edan a una larga lista\nde otras ocupaciones cubiertas por leyes de asalto similares, incluidos\npolic\u00edas, jueces, fiscales, bomberos, conductores de trenes, autobuses,\ntrabajadores de saneamiento y de la salud.<\/p>\n\n\n\n<p>Cuomo\ndice que el creciente n\u00famero de amenazas contra periodistas muestra la\nnecesidad de sanciones penales m\u00e1s fuertes por agredir a un miembro de la\nprensa.<\/p>\n\n\n\n<p>Cit\u00f3 varias amenazas y ataques recientes dirigidos contra periodistas en plena labor, entre ellos bombas de tuber\u00eda enviadas a CNN el a\u00f1o pasado, a\u00f1adiendo que los reporteros tienen un papel vital que desempe\u00f1ar en la vida estadounidense y que deber\u00edan sentirse seguros para hacer su trabajo.<\/p>\n\n\n\n<p style=\"text-align:right\">Ram\u00f3n Mercedes<\/p>\n","protected":false},"excerpt":{"rendered":"<p>\u00a0NUEVA YORK, Nueva York.- El gobernador del estado de Nueva York, Andrew Cuomo, declar\u00f3 este lunes que est\u00e1 proponiendo hacer de la agresi\u00f3n a un periodista un delito grave y con mayores penas. De ser aprobado por los legisladores, los periodistas se unir\u00edan a una larga lista de otras ocupaciones cubiertas por leyes de asalto [&hellip;]<\/p>\n","protected":false},"author":1,"featured_media":0,"comment_status":"open","ping_status":"open","sticky":false,"template":"","format":"standard","meta":{"_bbp_topic_count":0,"_bbp_reply_count":0,"_bbp_total_topic_count":0,"_bbp_total_reply_count":0,"_bbp_voice_count":0,"_bbp_anonymous_reply_count":0,"_bbp_topic_count_hidden":0,"_bbp_reply_count_hidden":0,"_bbp_forum_subforum_count":0,"footnotes":""},"categories":[60,32],"tags":[],"class_list":{"0":"post-314431","1":"post","2":"type-post","3":"status-publish","4":"format-standard","6":"category-titulares-del-dia","7":"category-lo-ultimo"},"_links":{"self":[{"href":"https:\/\/primermomento.com\/index.php?rest_route=\/wp\/v2\/posts\/314431","targetHints":{"allow":["GET"]}}],"collection":[{"href":"https:\/\/primermomento.com\/index.php?rest_route=\/wp\/v2\/posts"}],"about":[{"href":"https:\/\/primermomento.com\/index.php?rest_route=\/wp\/v2\/types\/post"}],"author":[{"embeddable":true,"href":"https:\/\/primermomento.com\/index.php?rest_route=\/wp\/v2\/users\/1"}],"replies":[{"embeddable":true,"href":"https:\/\/primermomento.com\/index.php?rest_route=%2Fwp%2Fv2%2Fcomments&post=314431"}],"version-history":[{"count":1,"href":"https:\/\/primermomento.com\/index.php?rest_route=\/wp\/v2\/posts\/314431\/revisions"}],"predecessor-version":[{"id":314433,"href":"https:\/\/primermomento.com\/index.php?rest_route=\/wp\/v2\/posts\/314431\/revisions\/314433"}],"wp:attachment":[{"href":"https:\/\/primermomento.com\/index.php?rest_route=%2Fwp%2Fv2%2Fmedia&parent=314431"}],"wp:term":[{"taxonomy":"category","embeddable":true,"href":"https:\/\/primermomento.com\/index.php?rest_route=%2Fwp%2Fv2%2Fcategories&post=314431"},{"taxonomy":"post_tag","embeddable":true,"href":"https:\/\/primermomento.com\/index.php?rest_route=%2Fwp%2Fv2%2Ftags&post=314431"}],"curies":[{"name":"wp","href":"https:\/\/api.w.org\/{rel}","templated":true}]}}