{"id":314438,"date":"2019-01-22T16:58:14","date_gmt":"2019-01-22T20:58:14","guid":{"rendered":"http:\/\/primermomento.com\/?p=314438"},"modified":"2019-01-22T16:58:16","modified_gmt":"2019-01-22T20:58:16","slug":"bani-obispo-y-gremios-convocan-rueda-de-prensa","status":"publish","type":"post","link":"https:\/\/primermomento.com\/?p=314438","title":{"rendered":"BAN\u00cd | Obispo y gremios convocan rueda de prensa"},"content":{"rendered":"\n<p> BAN\u00cd, Rep\u00fablica Dominicana.- Con \u00abun paso al frente en defensa de los mejores intereses en nuestra provincia\u00bb, y para dar a conocer sus posiciones en torno a los \u00faltimos hechos de violencia registrados aqu\u00ed, el Obispado de Ban\u00ed, la C\u00e1mara de Comercio y Producci\u00f3n y la Uni\u00f3n de Comerciantes, han convocado a una conferencia de prensa para este jueves 24 de energo a las 10 de la ma\u00f1ana.<\/p>\n\n\n\n<div class=\"wp-block-image\"><figure class=\"aligncenter\"><img loading=\"lazy\" decoding=\"async\" width=\"500\" height=\"375\" src=\"http:\/\/primermomento.com\/wp-content\/uploads\/2017\/02\/catedral-bani1.jpg\" alt=\"\" class=\"wp-image-287044\" srcset=\"https:\/\/primermomento.com\/wp-content\/uploads\/2017\/02\/catedral-bani1.jpg 500w, https:\/\/primermomento.com\/wp-content\/uploads\/2017\/02\/catedral-bani1-300x225.jpg 300w, https:\/\/primermomento.com\/wp-content\/uploads\/2017\/02\/catedral-bani1-120x90.jpg 120w, https:\/\/primermomento.com\/wp-content\/uploads\/2017\/02\/catedral-bani1-280x210.jpg 280w, https:\/\/primermomento.com\/wp-content\/uploads\/2017\/02\/catedral-bani1-118x89.jpg 118w, https:\/\/primermomento.com\/wp-content\/uploads\/2017\/02\/catedral-bani1-479x359.jpg 479w\" sizes=\"auto, (max-width: 500px) 100vw, 500px\" \/><figcaption>Catedral de Ban\u00ed, sede del Obispado<\/figcaption><\/figure><\/div>\n\n\n\n<p>El encuentro con los medios de comunicaci\u00f3n social locales, regionales y nacionales, tendr\u00e1 lugar en el centro parroquial Padres Scarboros, ubicado en la calle S\u00e1nchez, frente al parque central de esta ciudad.<\/p>\n\n\n\n<p>La invitaci\u00f3n a representantes de los medios informativos est\u00e1 firmada por el obispo de Ban\u00ed, Victor Massalles; y los licenciados Ram\u00f3n de los Santos, de la Uni\u00f3n de Comerciantes, y Salom\u00f3n Rodr\u00edguez, de la C\u00e1mara de Comercio y Producci\u00f3n.<\/p>\n\n\n\n<p style=\"text-align:right\">Primer Momento <\/p>\n","protected":false},"excerpt":{"rendered":"<p>BAN\u00cd, Rep\u00fablica Dominicana.- Con \u00abun paso al frente en defensa de los mejores intereses en nuestra provincia\u00bb, y para dar a conocer sus posiciones en torno a los \u00faltimos hechos de violencia registrados aqu\u00ed, el Obispado de Ban\u00ed, la C\u00e1mara de Comercio y Producci\u00f3n y la Uni\u00f3n de Comerciantes, han convocado a una conferencia de [&hellip;]<\/p>\n","protected":false},"author":1,"featured_media":0,"comment_status":"open","ping_status":"open","sticky":false,"template":"","format":"standard","meta":{"_bbp_topic_count":0,"_bbp_reply_count":0,"_bbp_total_topic_count":0,"_bbp_total_reply_count":0,"_bbp_voice_count":0,"_bbp_anonymous_reply_count":0,"_bbp_topic_count_hidden":0,"_bbp_reply_count_hidden":0,"_bbp_forum_subforum_count":0,"footnotes":""},"categories":[30,60],"tags":[],"class_list":{"0":"post-314438","1":"post","2":"type-post","3":"status-publish","4":"format-standard","6":"category-actualidad","7":"category-titulares-del-dia"},"_links":{"self":[{"href":"https:\/\/primermomento.com\/index.php?rest_route=\/wp\/v2\/posts\/314438","targetHints":{"allow":["GET"]}}],"collection":[{"href":"https:\/\/primermomento.com\/index.php?rest_route=\/wp\/v2\/posts"}],"about":[{"href":"https:\/\/primermomento.com\/index.php?rest_route=\/wp\/v2\/types\/post"}],"author":[{"embeddable":true,"href":"https:\/\/primermomento.com\/index.php?rest_route=\/wp\/v2\/users\/1"}],"replies":[{"embeddable":true,"href":"https:\/\/primermomento.com\/index.php?rest_route=%2Fwp%2Fv2%2Fcomments&post=314438"}],"version-history":[{"count":1,"href":"https:\/\/primermomento.com\/index.php?rest_route=\/wp\/v2\/posts\/314438\/revisions"}],"predecessor-version":[{"id":314439,"href":"https:\/\/primermomento.com\/index.php?rest_route=\/wp\/v2\/posts\/314438\/revisions\/314439"}],"wp:attachment":[{"href":"https:\/\/primermomento.com\/index.php?rest_route=%2Fwp%2Fv2%2Fmedia&parent=314438"}],"wp:term":[{"taxonomy":"category","embeddable":true,"href":"https:\/\/primermomento.com\/index.php?rest_route=%2Fwp%2Fv2%2Fcategories&post=314438"},{"taxonomy":"post_tag","embeddable":true,"href":"https:\/\/primermomento.com\/index.php?rest_route=%2Fwp%2Fv2%2Ftags&post=314438"}],"curies":[{"name":"wp","href":"https:\/\/api.w.org\/{rel}","templated":true}]}}