{"id":314440,"date":"2019-01-22T15:30:02","date_gmt":"2019-01-22T19:30:02","guid":{"rendered":"http:\/\/primermomento.com\/?p=314440"},"modified":"2019-01-22T17:48:47","modified_gmt":"2019-01-22T21:48:47","slug":"medina-entrega-nuevas-obras-en-varias-provincias","status":"publish","type":"post","link":"https:\/\/primermomento.com\/?p=314440","title":{"rendered":"Medina entrega nuevas obras en varias provincias"},"content":{"rendered":"\n<p>SANTIAGO, Rep\u00fablica Dominicana.- El presidente de la Rep\u00fablica Dominicana,  Danilo Medina, entreg\u00f3 hoy en las provincias de Santiago, Santiago  Rodr\u00edguez, Valverde y Montecristi, nuevas obras de infraestructura y  para el bienestar de la poblaci\u00f3n.                         <br>                          <\/p>\n\n\n\n<figure class=\"wp-block-image\"><img loading=\"lazy\" decoding=\"async\" width=\"768\" height=\"432\" src=\"http:\/\/primermomento.com\/wp-content\/uploads\/2019\/01\/Fuerza-de-Tarea-Conjunta-e-Interagencial-Copey.jpg\" alt=\"\" class=\"wp-image-314441\" srcset=\"https:\/\/primermomento.com\/wp-content\/uploads\/2019\/01\/Fuerza-de-Tarea-Conjunta-e-Interagencial-Copey.jpg 768w, https:\/\/primermomento.com\/wp-content\/uploads\/2019\/01\/Fuerza-de-Tarea-Conjunta-e-Interagencial-Copey-300x169.jpg 300w, https:\/\/primermomento.com\/wp-content\/uploads\/2019\/01\/Fuerza-de-Tarea-Conjunta-e-Interagencial-Copey-478x270.jpg 478w, https:\/\/primermomento.com\/wp-content\/uploads\/2019\/01\/Fuerza-de-Tarea-Conjunta-e-Interagencial-Copey-500x281.jpg 500w, https:\/\/primermomento.com\/wp-content\/uploads\/2019\/01\/Fuerza-de-Tarea-Conjunta-e-Interagencial-Copey-280x158.jpg 280w, https:\/\/primermomento.com\/wp-content\/uploads\/2019\/01\/Fuerza-de-Tarea-Conjunta-e-Interagencial-Copey-638x359.jpg 638w, https:\/\/primermomento.com\/wp-content\/uploads\/2019\/01\/Fuerza-de-Tarea-Conjunta-e-Interagencial-Copey-118x66.jpg 118w, https:\/\/primermomento.com\/wp-content\/uploads\/2019\/01\/Fuerza-de-Tarea-Conjunta-e-Interagencial-Copey-479x269.jpg 479w\" sizes=\"auto, (max-width: 768px) 100vw, 768px\" \/><figcaption> COPEY, Montecristi.- El presidente Danilo Medina dej\u00f3 en operaci\u00f3n la  Fuerza de Tarea Conjunta e Interagencial Copey, en esta provincia, con  el objetivo de garantizar mayor seguridad, control migratorio y  protecci\u00f3n de la soberan\u00eda nacional. FOTO | Dicom<\/figcaption><\/figure>\n\n\n\n<p>Desde el Parque  Central de Monci\u00f3n, en Santiago Rodr\u00edguez, el presidente procedi\u00f3 a la  entrega de algunas de las mencionadas obras que facilitar\u00e1n la  comunicaci\u00f3n, la producci\u00f3n y el comercio de los territorios de varias  provincias.<\/p>\n\n\n\n<p> En el acto intervino el ministro de Obras P\u00fablicas y\n Comunicaciones, Gonzalo Castillo, quien ofreci\u00f3 detalles de las obras y\n dijo: &#8216;nos encontramos en un escenario de entrega de obras de \ninfraestructura que consolidan la productividad y el bienestar de \nnuestro pa\u00eds&#8217;.<\/p>\n\n\n\n<p> Por su parte, el jefe de Estado, respondi\u00f3 al \nreclamo hecho por los habitantes de Monci\u00f3n con respecto a un acueducto \nprometido por \u00e9l, a\u00fan sin ejecutar, a lo cual  expres\u00f3: &#8216;si me voy sin \ntomar en cuenta el reclamo, podr\u00edan creer soy indiferente a las \nnecesidades que est\u00e1n pasando por la ausencia de agua&#8217;.<\/p>\n\n\n\n<p> Y relat\u00f3\n como  durante su campa\u00f1a se comprometi\u00f3 que cuando llegara a la \npresidencia se interesar\u00eda por su acueducto, &#8216;mand\u00e9 a hacer los estudios\n para el acueducto pero vamos a ver lo sucedido, si es un asunto \npresupuestario o de toma de agua&#8217;.<\/p>\n\n\n\n<p> Finalmente, Medina se dirigi\u00f3\n a la provincia de Montecristi, para dejar en operaci\u00f3n la Fuerza de \nTarea Conjunta e Interagencial Copey, con el objetivo de garantizar \nmayor seguridad, control migratorio y protecci\u00f3n de la soberan\u00eda \ndominicana.<\/p>\n\n\n\n<p> La instalaci\u00f3n, ubicado en el cruce  Copey-Manzanillo, tiene una edificaci\u00f3n principal de dos pisos en un  \u00e1rea 414,8 metros cuadrados, adem\u00e1s cuenta con caseta de vigilancia,  casa de guardia, oficina para comandancia, pabell\u00f3n de servicios  m\u00faltiples, habitaciones ejecutivas y ba\u00f1os, entre otras facilidades.<\/p>\n\n\n\n<p style=\"text-align:right\">PL<br><\/p>\n","protected":false},"excerpt":{"rendered":"<p>SANTIAGO, Rep\u00fablica Dominicana.- El presidente de la Rep\u00fablica Dominicana, Danilo Medina, entreg\u00f3 hoy en las provincias de Santiago, Santiago Rodr\u00edguez, Valverde y Montecristi, nuevas obras de infraestructura y para el bienestar de la poblaci\u00f3n. Desde el Parque Central de Monci\u00f3n, en Santiago Rodr\u00edguez, el presidente procedi\u00f3 a la entrega de algunas de las mencionadas obras [&hellip;]<\/p>\n","protected":false},"author":1,"featured_media":0,"comment_status":"open","ping_status":"open","sticky":false,"template":"","format":"standard","meta":{"_bbp_topic_count":0,"_bbp_reply_count":0,"_bbp_total_topic_count":0,"_bbp_total_reply_count":0,"_bbp_voice_count":0,"_bbp_anonymous_reply_count":0,"_bbp_topic_count_hidden":0,"_bbp_reply_count_hidden":0,"_bbp_forum_subforum_count":0,"footnotes":""},"categories":[30,60],"tags":[],"class_list":{"0":"post-314440","1":"post","2":"type-post","3":"status-publish","4":"format-standard","6":"category-actualidad","7":"category-titulares-del-dia"},"_links":{"self":[{"href":"https:\/\/primermomento.com\/index.php?rest_route=\/wp\/v2\/posts\/314440","targetHints":{"allow":["GET"]}}],"collection":[{"href":"https:\/\/primermomento.com\/index.php?rest_route=\/wp\/v2\/posts"}],"about":[{"href":"https:\/\/primermomento.com\/index.php?rest_route=\/wp\/v2\/types\/post"}],"author":[{"embeddable":true,"href":"https:\/\/primermomento.com\/index.php?rest_route=\/wp\/v2\/users\/1"}],"replies":[{"embeddable":true,"href":"https:\/\/primermomento.com\/index.php?rest_route=%2Fwp%2Fv2%2Fcomments&post=314440"}],"version-history":[{"count":1,"href":"https:\/\/primermomento.com\/index.php?rest_route=\/wp\/v2\/posts\/314440\/revisions"}],"predecessor-version":[{"id":314442,"href":"https:\/\/primermomento.com\/index.php?rest_route=\/wp\/v2\/posts\/314440\/revisions\/314442"}],"wp:attachment":[{"href":"https:\/\/primermomento.com\/index.php?rest_route=%2Fwp%2Fv2%2Fmedia&parent=314440"}],"wp:term":[{"taxonomy":"category","embeddable":true,"href":"https:\/\/primermomento.com\/index.php?rest_route=%2Fwp%2Fv2%2Fcategories&post=314440"},{"taxonomy":"post_tag","embeddable":true,"href":"https:\/\/primermomento.com\/index.php?rest_route=%2Fwp%2Fv2%2Ftags&post=314440"}],"curies":[{"name":"wp","href":"https:\/\/api.w.org\/{rel}","templated":true}]}}