{"id":314443,"date":"2019-01-22T19:50:32","date_gmt":"2019-01-22T23:50:32","guid":{"rendered":"http:\/\/primermomento.com\/?p=314443"},"modified":"2019-01-23T07:11:25","modified_gmt":"2019-01-23T11:11:25","slug":"guerrero-dice-director-de-la-policia-le-hace-mas-dano-al-pais-que-el-sida","status":"publish","type":"post","link":"https:\/\/primermomento.com\/?p=314443","title":{"rendered":"BAN\u00cd | Guerrero dice director de la Polic\u00eda le hace m\u00e1s da\u00f1o al pa\u00eds que el Sida"},"content":{"rendered":"\n<p> SANTO DOMINGO, Rep\u00fablica Dominicana.-  El senador por la provincia Peravia, Wilton Guerrero, afirm\u00f3 que el  director general de la Polic\u00eda Nacional, Ney Aldrin Bautista, causa m\u00e1s  da\u00f1o al pa\u00eds que el sida, la mortalidad infantil, los feminicidios y el  desempleo. <br><\/p>\n\n\n\n<figure class=\"wp-block-image\"><img decoding=\"async\" src=\"http:\/\/primermomento.com\/wp-content\/uploads\/2019\/01\/wilton-en-el-senado1-1.jpg\" alt=\"Esta imagen tiene un atributo ALT vac\u00edo; su nombre de archivo es wilton-en-el-senado1-1.jpg\"\/><figcaption> Wilton Guerrero <\/figcaption><\/figure>\n\n\n\n<p> El legislador oficialista declar\u00f3 que los  ciudadanos tienen miedo de mostrar sus prendas en p\u00fablico, lo que ha  provocado el quiebre de las joyer\u00edas, y que los propias polic\u00edas y  militares se esfuerzan en ocultar sus armas por temor a que los  delincuentes los maten para quit\u00e1rselas. <br><br>  Guerrero ley\u00f3 una declaraci\u00f3n en la que se dedic\u00f3 a responder los  se\u00f1alamientos del capell\u00e1n de la Polic\u00eda Nacional Alejandro Cabrera,  quien le pidi\u00f3 el domingo pasado que dejara trabajar a la instituci\u00f3n  del orden y que se callara, ya que hay ciertas teclas que son  peligrosas. <br><br>\u201cNo es una frescura m\u00eda solicitar la renuncia de un funcionario p\u00fablico, como lo es el director de la Polic\u00eda Nacional, que le est\u00e1 haciendo m\u00e1s da\u00f1o al pa\u00eds que la mortalidad infantil, m\u00e1s da\u00f1o que la mortalidad materna, m\u00e1s da\u00f1o que el sida, m\u00e1s da\u00f1o que los feminicidios, m\u00e1s da\u00f1o que el desempleo, porque tiene al pa\u00eds en toque de queda por la delincuencia\u201d, dijo Guerrero.<br><br> El senador le pregunt\u00f3 al capell\u00e1n que qui\u00e9n era \u00e9l para mandarlo a callar.<\/p>\n\n\n\n<p>Afirm\u00f3 que no tiene que callarse ya que ejerce un derecho  constitucional al disentir p\u00fablicamente de las ejecutorias del director  de la Polic\u00eda y solicitar su renuncia con lo cual, dijo, no est\u00e1  cometiendo ninguna provocaci\u00f3n.<\/p>\n\n\n\n<p style=\"text-align:right\">EFE<\/p>\n\n\n\n<p><br><br> <br><\/p>\n\n\n\n<p><\/p>\n","protected":false},"excerpt":{"rendered":"<p>SANTO DOMINGO, Rep\u00fablica Dominicana.- El senador por la provincia Peravia, Wilton Guerrero, afirm\u00f3 que el director general de la Polic\u00eda Nacional, Ney Aldrin Bautista, causa m\u00e1s da\u00f1o al pa\u00eds que el sida, la mortalidad infantil, los feminicidios y el desempleo. El legislador oficialista declar\u00f3 que los ciudadanos tienen miedo de mostrar sus prendas en p\u00fablico, [&hellip;]<\/p>\n","protected":false},"author":1,"featured_media":0,"comment_status":"open","ping_status":"open","sticky":false,"template":"","format":"standard","meta":{"_bbp_topic_count":0,"_bbp_reply_count":0,"_bbp_total_topic_count":0,"_bbp_total_reply_count":0,"_bbp_voice_count":0,"_bbp_anonymous_reply_count":0,"_bbp_topic_count_hidden":0,"_bbp_reply_count_hidden":0,"_bbp_forum_subforum_count":0,"footnotes":""},"categories":[60,32],"tags":[],"class_list":{"0":"post-314443","1":"post","2":"type-post","3":"status-publish","4":"format-standard","6":"category-titulares-del-dia","7":"category-lo-ultimo"},"_links":{"self":[{"href":"https:\/\/primermomento.com\/index.php?rest_route=\/wp\/v2\/posts\/314443","targetHints":{"allow":["GET"]}}],"collection":[{"href":"https:\/\/primermomento.com\/index.php?rest_route=\/wp\/v2\/posts"}],"about":[{"href":"https:\/\/primermomento.com\/index.php?rest_route=\/wp\/v2\/types\/post"}],"author":[{"embeddable":true,"href":"https:\/\/primermomento.com\/index.php?rest_route=\/wp\/v2\/users\/1"}],"replies":[{"embeddable":true,"href":"https:\/\/primermomento.com\/index.php?rest_route=%2Fwp%2Fv2%2Fcomments&post=314443"}],"version-history":[{"count":3,"href":"https:\/\/primermomento.com\/index.php?rest_route=\/wp\/v2\/posts\/314443\/revisions"}],"predecessor-version":[{"id":314450,"href":"https:\/\/primermomento.com\/index.php?rest_route=\/wp\/v2\/posts\/314443\/revisions\/314450"}],"wp:attachment":[{"href":"https:\/\/primermomento.com\/index.php?rest_route=%2Fwp%2Fv2%2Fmedia&parent=314443"}],"wp:term":[{"taxonomy":"category","embeddable":true,"href":"https:\/\/primermomento.com\/index.php?rest_route=%2Fwp%2Fv2%2Fcategories&post=314443"},{"taxonomy":"post_tag","embeddable":true,"href":"https:\/\/primermomento.com\/index.php?rest_route=%2Fwp%2Fv2%2Ftags&post=314443"}],"curies":[{"name":"wp","href":"https:\/\/api.w.org\/{rel}","templated":true}]}}