{"id":314455,"date":"2019-01-22T10:19:43","date_gmt":"2019-01-22T14:19:43","guid":{"rendered":"http:\/\/primermomento.com\/?p=314455"},"modified":"2019-01-23T07:21:28","modified_gmt":"2019-01-23T11:21:28","slug":"canciller-miguel-vargas-viaja-a-ny-para-participar-en-consejo-de-seguridad-de-la-onu","status":"publish","type":"post","link":"https:\/\/primermomento.com\/?p=314455","title":{"rendered":"Canciller Miguel Vargas viaja a NY para participar en Consejo de Seguridad de la ONU"},"content":{"rendered":"\n<p> SANTO DOMINGO, Rep\u00fablica Dominicana.- El ministro de Relaciones Exteriores de  Rep\u00fablica Dominicana, Miguel Vargas, viaj\u00f3 hoy a Nueva York para  participar en el Consejo de Seguridad de la ONU, \u00f3rgano presidido el  pa\u00eds durante el mes de enero.                         <br>                          <\/p>\n\n\n\n<figure class=\"wp-block-image\"><img loading=\"lazy\" decoding=\"async\" width=\"699\" height=\"548\" src=\"http:\/\/primermomento.com\/wp-content\/uploads\/2019\/01\/miguel-vargas-y-onu1-1.jpg\" alt=\"\" class=\"wp-image-314456\" srcset=\"https:\/\/primermomento.com\/wp-content\/uploads\/2019\/01\/miguel-vargas-y-onu1-1.jpg 699w, https:\/\/primermomento.com\/wp-content\/uploads\/2019\/01\/miguel-vargas-y-onu1-1-300x235.jpg 300w, https:\/\/primermomento.com\/wp-content\/uploads\/2019\/01\/miguel-vargas-y-onu1-1-80x63.jpg 80w, https:\/\/primermomento.com\/wp-content\/uploads\/2019\/01\/miguel-vargas-y-onu1-1-500x392.jpg 500w, https:\/\/primermomento.com\/wp-content\/uploads\/2019\/01\/miguel-vargas-y-onu1-1-280x220.jpg 280w, https:\/\/primermomento.com\/wp-content\/uploads\/2019\/01\/miguel-vargas-y-onu1-1-638x500.jpg 638w, https:\/\/primermomento.com\/wp-content\/uploads\/2019\/01\/miguel-vargas-y-onu1-1-118x93.jpg 118w, https:\/\/primermomento.com\/wp-content\/uploads\/2019\/01\/miguel-vargas-y-onu1-1-479x376.jpg 479w\" sizes=\"auto, (max-width: 699px) 100vw, 699px\" \/><\/figure>\n\n\n\n<p>De acuerdo con una nota de prensa de la canciller\u00eda, uno de los puntos  m\u00e1s importantes de la agenda que cumplir\u00e1 Vargas ser\u00e1 el debate abierto  de alto nivel sobre Los efectos de los desastres naturales en el  mantenimiento de la paz y la seguridad internacionales.<\/p>\n\n\n\n<p> El \nministro, precisa la informaci\u00f3n, explic\u00f3 ese es uno de los temas que el\n pa\u00eds lleva al Consejo de Seguridad con el objetivo de propiciar la toma\n de conciencia y acciones ante la relaci\u00f3n existente entre esas \ncat\u00e1strofes y el incremento de la inseguridad en peque\u00f1os Estados \nisle\u00f1os, los m\u00e1s vulnerables frente a los fen\u00f3menos de la naturaleza.<\/p>\n\n\n\n<p>\n Previamente, el canciller intervendr\u00e1 en una reuni\u00f3n en la que los \nmiembros del Consejo debatir\u00e1n Cu\u00e1l es el pr\u00f3ximo paso para las mujeres,\n la paz, y la seguridad en el Medio Oriente y el norte de \u00c1frica: \nposibles planes de acci\u00f3n nacionales&#8217;.<\/p>\n\n\n\n<p> Asimismo, otro debate \nser\u00e1 el que trata acerca de la Misi\u00f3n de paz en Colombia y finalmente el\n titular de Exteriores encabezar\u00e1 la recepci\u00f3n de clausura de la \npresidencia dominicana en el Consejo de Seguridad.<\/p>\n\n\n\n<p> Rep\u00fablica  Dominicana ingres\u00f3 al Consejo de Seguridad, como miembro no permanente,  el pasado 1 de enero de 2019, ese d\u00eda tambi\u00e9n asumi\u00f3 la presidencia de  ese \u00f3rgano de la ONU, cargo el cual se rota mensualmente entre los  quince Estados que lo integran. <\/p>\n\n\n\n<p style=\"text-align:right\">PL<\/p>\n","protected":false},"excerpt":{"rendered":"<p>SANTO DOMINGO, Rep\u00fablica Dominicana.- El ministro de Relaciones Exteriores de Rep\u00fablica Dominicana, Miguel Vargas, viaj\u00f3 hoy a Nueva York para participar en el Consejo de Seguridad de la ONU, \u00f3rgano presidido el pa\u00eds durante el mes de enero. De acuerdo con una nota de prensa de la canciller\u00eda, uno de los puntos m\u00e1s importantes de [&hellip;]<\/p>\n","protected":false},"author":1,"featured_media":0,"comment_status":"open","ping_status":"open","sticky":false,"template":"","format":"standard","meta":{"_bbp_topic_count":0,"_bbp_reply_count":0,"_bbp_total_topic_count":0,"_bbp_total_reply_count":0,"_bbp_voice_count":0,"_bbp_anonymous_reply_count":0,"_bbp_topic_count_hidden":0,"_bbp_reply_count_hidden":0,"_bbp_forum_subforum_count":0,"footnotes":""},"categories":[60,61],"tags":[],"class_list":{"0":"post-314455","1":"post","2":"type-post","3":"status-publish","4":"format-standard","6":"category-titulares-del-dia","7":"category-mundo"},"_links":{"self":[{"href":"https:\/\/primermomento.com\/index.php?rest_route=\/wp\/v2\/posts\/314455","targetHints":{"allow":["GET"]}}],"collection":[{"href":"https:\/\/primermomento.com\/index.php?rest_route=\/wp\/v2\/posts"}],"about":[{"href":"https:\/\/primermomento.com\/index.php?rest_route=\/wp\/v2\/types\/post"}],"author":[{"embeddable":true,"href":"https:\/\/primermomento.com\/index.php?rest_route=\/wp\/v2\/users\/1"}],"replies":[{"embeddable":true,"href":"https:\/\/primermomento.com\/index.php?rest_route=%2Fwp%2Fv2%2Fcomments&post=314455"}],"version-history":[{"count":1,"href":"https:\/\/primermomento.com\/index.php?rest_route=\/wp\/v2\/posts\/314455\/revisions"}],"predecessor-version":[{"id":314457,"href":"https:\/\/primermomento.com\/index.php?rest_route=\/wp\/v2\/posts\/314455\/revisions\/314457"}],"wp:attachment":[{"href":"https:\/\/primermomento.com\/index.php?rest_route=%2Fwp%2Fv2%2Fmedia&parent=314455"}],"wp:term":[{"taxonomy":"category","embeddable":true,"href":"https:\/\/primermomento.com\/index.php?rest_route=%2Fwp%2Fv2%2Fcategories&post=314455"},{"taxonomy":"post_tag","embeddable":true,"href":"https:\/\/primermomento.com\/index.php?rest_route=%2Fwp%2Fv2%2Ftags&post=314455"}],"curies":[{"name":"wp","href":"https:\/\/api.w.org\/{rel}","templated":true}]}}