{"id":314458,"date":"2019-01-23T09:25:34","date_gmt":"2019-01-23T13:25:34","guid":{"rendered":"http:\/\/primermomento.com\/?p=314458"},"modified":"2019-01-23T09:25:58","modified_gmt":"2019-01-23T13:25:58","slug":"bani-cierran-tres-centros-dentales-y-un-laboratorio","status":"publish","type":"post","link":"https:\/\/primermomento.com\/?p=314458","title":{"rendered":"BAN\u00cd | Cierran tres centros dentales y un laboratorio cl\u00ednico"},"content":{"rendered":"\n<p> BAN\u00cd, Rep\u00fablica Dominicana.- Tres centros dentales y un laboratorio cl\u00ednico, fueron cerrados por operar sin la debida regulaci\u00f3n, inform\u00f3 la direcci\u00f3n provincial del Ministerio de Salud P\u00fablica.<\/p>\n\n\n\n<div class=\"wp-block-image\"><figure class=\"aligncenter\"><img loading=\"lazy\" decoding=\"async\" width=\"465\" height=\"285\" src=\"http:\/\/primermomento.com\/wp-content\/uploads\/2016\/09\/Emilton-Lopez2.jpg\" alt=\"\" class=\"wp-image-281246\" srcset=\"https:\/\/primermomento.com\/wp-content\/uploads\/2016\/09\/Emilton-Lopez2.jpg 465w, https:\/\/primermomento.com\/wp-content\/uploads\/2016\/09\/Emilton-Lopez2-300x184.jpg 300w, https:\/\/primermomento.com\/wp-content\/uploads\/2016\/09\/Emilton-Lopez2-110x66.jpg 110w, https:\/\/primermomento.com\/wp-content\/uploads\/2016\/09\/Emilton-Lopez2-280x172.jpg 280w, https:\/\/primermomento.com\/wp-content\/uploads\/2016\/09\/Emilton-Lopez2-118x72.jpg 118w\" sizes=\"auto, (max-width: 465px) 100vw, 465px\" \/><figcaption>Emilton L\u00f3pez, director provincial del Ministerio de Salud P\u00fablica al ser entrevistado por el lente de Primer Momento TV. Foto archivo | Primer Momento.<\/figcaption><\/figure><\/div>\n\n\n\n<p>Emilton L\u00f3pez, titular de la cartera de Sanidad, junto a otros funcionarios de esa instituci\u00f3n gubernamental, procedi\u00f3 a la clausura temporal de esos cuatro consultorios que prestan servicios de laboratorios y odontol\u00f3gicos.<\/p>\n\n\n\n<p>Se dijo que los mismos no estaban regulados por la instituci\u00f3n supervisora de salud.<\/p>\n\n\n\n<p>La encargada de an\u00e1lisis, evaluaci\u00f3n y acreditaci\u00f3n de habilitaci\u00f3n, Josefina D\u00edaz, afirm\u00f3 se procedi\u00f3 de acuerdo a la ley 42-01, en su art\u00edculo 100 y el reglamento 1138-03, que establece las pol\u00edticas de seguridad sanitarias que deben tener las cl\u00ednicas dentales y los laboratorios prestadores de servicios de salud.<\/p>\n\n\n\n<p>Los consultorios dentales cerrados fueron Pascual, Agust\u00edn, Panor\u00e1mica del Sur y laboratorio cl\u00ednico Bely.<\/p>\n","protected":false},"excerpt":{"rendered":"<p>BAN\u00cd, Rep\u00fablica Dominicana.- Tres centros dentales y un laboratorio cl\u00ednico, fueron cerrados por operar sin la debida regulaci\u00f3n, inform\u00f3 la direcci\u00f3n provincial del Ministerio de Salud P\u00fablica. Emilton L\u00f3pez, titular de la cartera de Sanidad, junto a otros funcionarios de esa instituci\u00f3n gubernamental, procedi\u00f3 a la clausura temporal de esos cuatro consultorios que prestan servicios [&hellip;]<\/p>\n","protected":false},"author":1,"featured_media":0,"comment_status":"open","ping_status":"open","sticky":false,"template":"","format":"standard","meta":{"_bbp_topic_count":0,"_bbp_reply_count":0,"_bbp_total_topic_count":0,"_bbp_total_reply_count":0,"_bbp_voice_count":0,"_bbp_anonymous_reply_count":0,"_bbp_topic_count_hidden":0,"_bbp_reply_count_hidden":0,"_bbp_forum_subforum_count":0,"footnotes":""},"categories":[30,60],"tags":[],"class_list":{"0":"post-314458","1":"post","2":"type-post","3":"status-publish","4":"format-standard","6":"category-actualidad","7":"category-titulares-del-dia"},"_links":{"self":[{"href":"https:\/\/primermomento.com\/index.php?rest_route=\/wp\/v2\/posts\/314458","targetHints":{"allow":["GET"]}}],"collection":[{"href":"https:\/\/primermomento.com\/index.php?rest_route=\/wp\/v2\/posts"}],"about":[{"href":"https:\/\/primermomento.com\/index.php?rest_route=\/wp\/v2\/types\/post"}],"author":[{"embeddable":true,"href":"https:\/\/primermomento.com\/index.php?rest_route=\/wp\/v2\/users\/1"}],"replies":[{"embeddable":true,"href":"https:\/\/primermomento.com\/index.php?rest_route=%2Fwp%2Fv2%2Fcomments&post=314458"}],"version-history":[{"count":2,"href":"https:\/\/primermomento.com\/index.php?rest_route=\/wp\/v2\/posts\/314458\/revisions"}],"predecessor-version":[{"id":314460,"href":"https:\/\/primermomento.com\/index.php?rest_route=\/wp\/v2\/posts\/314458\/revisions\/314460"}],"wp:attachment":[{"href":"https:\/\/primermomento.com\/index.php?rest_route=%2Fwp%2Fv2%2Fmedia&parent=314458"}],"wp:term":[{"taxonomy":"category","embeddable":true,"href":"https:\/\/primermomento.com\/index.php?rest_route=%2Fwp%2Fv2%2Fcategories&post=314458"},{"taxonomy":"post_tag","embeddable":true,"href":"https:\/\/primermomento.com\/index.php?rest_route=%2Fwp%2Fv2%2Ftags&post=314458"}],"curies":[{"name":"wp","href":"https:\/\/api.w.org\/{rel}","templated":true}]}}