{"id":314463,"date":"2019-01-23T06:17:03","date_gmt":"2019-01-23T10:17:03","guid":{"rendered":"http:\/\/primermomento.com\/?p=314463"},"modified":"2019-01-23T10:19:52","modified_gmt":"2019-01-23T14:19:52","slug":"jce-rechaza-que-opcion-democratica-y-alpais-celebren-primarias-conjuntas","status":"publish","type":"post","link":"https:\/\/primermomento.com\/?p=314463","title":{"rendered":"JCE rechaza que Opci\u00f3n Democr\u00e1tica y AlPa\u00eds celebren primarias conjuntas"},"content":{"rendered":"\n<p>SANTO DOMINGO, Rep\u00fablica Dominicana.- La Junta Central Electoral (JCE) rechaz\u00f3  este martes la solicitud de los partidos Opci\u00f3n Democr\u00e1tica (OD) y  Alianza Pa\u00eds (AlPa\u00eds) de realizar de manera conjunta las primarias de  esas organizaciones, el 6 de octubre venidero.<\/p>\n\n\n\n<figure class=\"wp-block-image\"><img loading=\"lazy\" decoding=\"async\" width=\"680\" height=\"452\" src=\"http:\/\/primermomento.com\/wp-content\/uploads\/2016\/05\/JCE-prohibe.jpeg\" alt=\"\" class=\"wp-image-275381\" srcset=\"https:\/\/primermomento.com\/wp-content\/uploads\/2016\/05\/JCE-prohibe.jpeg 680w, https:\/\/primermomento.com\/wp-content\/uploads\/2016\/05\/JCE-prohibe-300x199.jpeg 300w, https:\/\/primermomento.com\/wp-content\/uploads\/2016\/05\/JCE-prohibe-73x50.jpeg 73w, https:\/\/primermomento.com\/wp-content\/uploads\/2016\/05\/JCE-prohibe-500x332.jpeg 500w, https:\/\/primermomento.com\/wp-content\/uploads\/2016\/05\/JCE-prohibe-280x186.jpeg 280w, https:\/\/primermomento.com\/wp-content\/uploads\/2016\/05\/JCE-prohibe-60x40.jpeg 60w, https:\/\/primermomento.com\/wp-content\/uploads\/2016\/05\/JCE-prohibe-638x424.jpeg 638w, https:\/\/primermomento.com\/wp-content\/uploads\/2016\/05\/JCE-prohibe-118x78.jpeg 118w, https:\/\/primermomento.com\/wp-content\/uploads\/2016\/05\/JCE-prohibe-479x318.jpeg 479w\" sizes=\"auto, (max-width: 680px) 100vw, 680px\" \/><\/figure>\n\n\n\n<p>El organismo dijo que la decisi\u00f3n se \nfundamenta en el art\u00edculo 25, numeral 12 de la Ley 33-18 de Partidos, \nAgrupaciones y Movimientos Pol\u00edticos, el cual establece una prohibici\u00f3n \nexpresa para los partidos reconocidos de concurrir aliados en el primer \nproceso electoral ante el cual se presentan.<\/p>\n\n\n\n<p>En tal sentido, las motivaciones de la resoluci\u00f3n establecen que \u201cuno\n de los peticionarios de la presente instancia, el partido Opci\u00f3n \nDemocr\u00e1tica, no ha participado en ning\u00fan proceso electoral, de donde le \nest\u00e1 prohibido expresamente por la mencionada normativa legal ir aliado a\n las pr\u00f3ximas elecciones\u201d.<\/p>\n\n\n\n<p>El pleno de la JCE agreg\u00f3, que tomando en cuenta el art\u00edculo 62 de la\n Ley 275-97, una coalici\u00f3n precisa entre sus elementos constitutivos de \n\u201cla concertaci\u00f3n previa de alianzas entre los partidos que se vinculan \nen una coalici\u00f3n y la necesidad de que la misma sea personificada por \nuno de los partidos que se coaligan\u201d.<\/p>\n\n\n\n<p>El rechazo a la solicitud realizada por Opci\u00f3n Democr\u00e1tica y Alianza \nPa\u00eds se fundamenta, agreg\u00f3 la JCE, en que las coaliciones definidas por \nla Ley Electoral 275-97 no est\u00e1n concebidas para inscribir precandidatos\n a primarias, sino para la propuesta de candidatos comunes a las \nelecciones generales.<\/p>\n\n\n\n<p>\u201cLa pretendida coalici\u00f3n debe ser rechazada, ya que la misma \ncorresponde a una alegada modalidad de vinculaci\u00f3n inexistente en la Ley\n Electoral vigente\u201d, afirm\u00f3 el organismo.<\/p>\n\n\n\n<p>En tal sentido, el pleno estableci\u00f3 que \u201cel esp\u00edritu de las primarias\n es que sean procesos internos, ajenos a la injerencia o influencia de \notro partido, raz\u00f3n por la cual no est\u00e1 prevista la participaci\u00f3n \nconjunta de partidos en dichos procesos\u201d.<\/p>\n\n\n\n<p>La sesi\u00f3n del pleno estuvo encabezada por el Julio C\u00e9sar Casta\u00f1os  Guzm\u00e1n, presidente de la JCE, e integrada por Roberto Salad\u00edn Selin,  Carmen Imbert Brugal, Rosario Graciano de los Santos y Henry Mej\u00eda  Oviedo, asistidos del secretario general, Ram\u00f3n Hilario Espi\u00f1eira  Ceballos.<\/p>\n\n\n\n<p style=\"text-align:right\">EFE<\/p>\n","protected":false},"excerpt":{"rendered":"<p>SANTO DOMINGO, Rep\u00fablica Dominicana.- La Junta Central Electoral (JCE) rechaz\u00f3 este martes la solicitud de los partidos Opci\u00f3n Democr\u00e1tica (OD) y Alianza Pa\u00eds (AlPa\u00eds) de realizar de manera conjunta las primarias de esas organizaciones, el 6 de octubre venidero. El organismo dijo que la decisi\u00f3n se fundamenta en el art\u00edculo 25, numeral 12 de la [&hellip;]<\/p>\n","protected":false},"author":1,"featured_media":0,"comment_status":"open","ping_status":"open","sticky":false,"template":"","format":"standard","meta":{"_bbp_topic_count":0,"_bbp_reply_count":0,"_bbp_total_topic_count":0,"_bbp_total_reply_count":0,"_bbp_voice_count":0,"_bbp_anonymous_reply_count":0,"_bbp_topic_count_hidden":0,"_bbp_reply_count_hidden":0,"_bbp_forum_subforum_count":0,"footnotes":""},"categories":[60,31],"tags":[],"class_list":{"0":"post-314463","1":"post","2":"type-post","3":"status-publish","4":"format-standard","6":"category-titulares-del-dia","7":"category-estados-unidos"},"_links":{"self":[{"href":"https:\/\/primermomento.com\/index.php?rest_route=\/wp\/v2\/posts\/314463","targetHints":{"allow":["GET"]}}],"collection":[{"href":"https:\/\/primermomento.com\/index.php?rest_route=\/wp\/v2\/posts"}],"about":[{"href":"https:\/\/primermomento.com\/index.php?rest_route=\/wp\/v2\/types\/post"}],"author":[{"embeddable":true,"href":"https:\/\/primermomento.com\/index.php?rest_route=\/wp\/v2\/users\/1"}],"replies":[{"embeddable":true,"href":"https:\/\/primermomento.com\/index.php?rest_route=%2Fwp%2Fv2%2Fcomments&post=314463"}],"version-history":[{"count":1,"href":"https:\/\/primermomento.com\/index.php?rest_route=\/wp\/v2\/posts\/314463\/revisions"}],"predecessor-version":[{"id":314464,"href":"https:\/\/primermomento.com\/index.php?rest_route=\/wp\/v2\/posts\/314463\/revisions\/314464"}],"wp:attachment":[{"href":"https:\/\/primermomento.com\/index.php?rest_route=%2Fwp%2Fv2%2Fmedia&parent=314463"}],"wp:term":[{"taxonomy":"category","embeddable":true,"href":"https:\/\/primermomento.com\/index.php?rest_route=%2Fwp%2Fv2%2Fcategories&post=314463"},{"taxonomy":"post_tag","embeddable":true,"href":"https:\/\/primermomento.com\/index.php?rest_route=%2Fwp%2Fv2%2Ftags&post=314463"}],"curies":[{"name":"wp","href":"https:\/\/api.w.org\/{rel}","templated":true}]}}