{"id":314465,"date":"2019-01-23T07:21:37","date_gmt":"2019-01-23T11:21:37","guid":{"rendered":"http:\/\/primermomento.com\/?p=314465"},"modified":"2019-01-23T10:24:08","modified_gmt":"2019-01-23T14:24:08","slug":"marcha-verde-exige-sacar-jueces-corruptos-de-suprema-corte","status":"publish","type":"post","link":"https:\/\/primermomento.com\/?p=314465","title":{"rendered":"Marcha Verde exige sacar jueces corruptos de Suprema Corte"},"content":{"rendered":"\n<p> SANTO DOMINGO, Rep\u00fablica Dominicana.- El movimiento c\u00edvico Marcha Verde exigi\u00f3 sacar a los integrantes de la Suprema Corte comprometidos con la  corrupci\u00f3n e impunidad para sustituirlos por otros \u00bbindependientes de  la partidocracia, el crimen organizado y la \u00e9lite empresarial\u00bb.                         <br>                          <\/p>\n\n\n\n<figure class=\"wp-block-image\"><img loading=\"lazy\" decoding=\"async\" width=\"1024\" height=\"550\" src=\"http:\/\/primermomento.com\/wp-content\/uploads\/2019\/01\/marcha-verde-aniversario-1024x550.jpg\" alt=\"\" class=\"wp-image-314466\" srcset=\"https:\/\/primermomento.com\/wp-content\/uploads\/2019\/01\/marcha-verde-aniversario.jpg 1024w, https:\/\/primermomento.com\/wp-content\/uploads\/2019\/01\/marcha-verde-aniversario-300x161.jpg 300w, https:\/\/primermomento.com\/wp-content\/uploads\/2019\/01\/marcha-verde-aniversario-768x413.jpg 768w, https:\/\/primermomento.com\/wp-content\/uploads\/2019\/01\/marcha-verde-aniversario-500x269.jpg 500w, https:\/\/primermomento.com\/wp-content\/uploads\/2019\/01\/marcha-verde-aniversario-280x150.jpg 280w, https:\/\/primermomento.com\/wp-content\/uploads\/2019\/01\/marcha-verde-aniversario-638x343.jpg 638w, https:\/\/primermomento.com\/wp-content\/uploads\/2019\/01\/marcha-verde-aniversario-118x63.jpg 118w, https:\/\/primermomento.com\/wp-content\/uploads\/2019\/01\/marcha-verde-aniversario-479x257.jpg 479w\" sizes=\"auto, (max-width: 1024px) 100vw, 1024px\" \/><\/figure>\n\n\n\n<p>El reclamo del  movimiento fue efectuado en el Altar de la Patria de esta capital, lugar  donde fue celebrado este martes el acto conmemorativo por sus dos a\u00f1os  de vida.<\/p>\n\n\n\n<p> Asimismo, el colectivo expres\u00f3 su rechazo categ\u00f3rico a \ncualquier intento de cambiar la Constituci\u00f3n de la Rep\u00fablica con el \nobjetivo de permitir la repostulaci\u00f3n del presidente, Danilo Medina, \ntema que ocupa hoy titulares en este pa\u00eds.<\/p>\n\n\n\n<p> Tambi\u00e9n Marcha Verde \nllam\u00f3 a todas las fuerzas pol\u00edticas a firmar el Compromiso Ciudadano por\n el Fin de la Impunidad, para que asuman el reto de eliminar las \npr\u00e1cticas pol\u00edticas corruptas y clientelares y as\u00ed enfrentar los casos \nde corrupci\u00f3n y realizar los cambios institucionales que garanticen un \nsistema judicial y un control administrativo adecuado.<\/p>\n\n\n\n<p> Por  \u00faltimo, los voceros del movimiento aseguraron que despu\u00e9s de dos a\u00f1os de  movilizaci\u00f3n e incidencia p\u00fablica se aumenta la esperanza y seguridad  de que es posible vivir en una sociedad respetuosa de los derechos  humanos y propiciadora de desarrollo integral para toda la poblaci\u00f3n. <\/p>\n\n\n\n<p style=\"text-align:right\">PL<\/p>\n","protected":false},"excerpt":{"rendered":"<p>SANTO DOMINGO, Rep\u00fablica Dominicana.- El movimiento c\u00edvico Marcha Verde exigi\u00f3 sacar a los integrantes de la Suprema Corte comprometidos con la corrupci\u00f3n e impunidad para sustituirlos por otros \u00bbindependientes de la partidocracia, el crimen organizado y la \u00e9lite empresarial\u00bb. El reclamo del movimiento fue efectuado en el Altar de la Patria de esta capital, lugar [&hellip;]<\/p>\n","protected":false},"author":1,"featured_media":0,"comment_status":"open","ping_status":"open","sticky":false,"template":"","format":"standard","meta":{"_bbp_topic_count":0,"_bbp_reply_count":0,"_bbp_total_topic_count":0,"_bbp_total_reply_count":0,"_bbp_voice_count":0,"_bbp_anonymous_reply_count":0,"_bbp_topic_count_hidden":0,"_bbp_reply_count_hidden":0,"_bbp_forum_subforum_count":0,"footnotes":""},"categories":[60,32],"tags":[],"class_list":{"0":"post-314465","1":"post","2":"type-post","3":"status-publish","4":"format-standard","6":"category-titulares-del-dia","7":"category-lo-ultimo"},"_links":{"self":[{"href":"https:\/\/primermomento.com\/index.php?rest_route=\/wp\/v2\/posts\/314465","targetHints":{"allow":["GET"]}}],"collection":[{"href":"https:\/\/primermomento.com\/index.php?rest_route=\/wp\/v2\/posts"}],"about":[{"href":"https:\/\/primermomento.com\/index.php?rest_route=\/wp\/v2\/types\/post"}],"author":[{"embeddable":true,"href":"https:\/\/primermomento.com\/index.php?rest_route=\/wp\/v2\/users\/1"}],"replies":[{"embeddable":true,"href":"https:\/\/primermomento.com\/index.php?rest_route=%2Fwp%2Fv2%2Fcomments&post=314465"}],"version-history":[{"count":1,"href":"https:\/\/primermomento.com\/index.php?rest_route=\/wp\/v2\/posts\/314465\/revisions"}],"predecessor-version":[{"id":314467,"href":"https:\/\/primermomento.com\/index.php?rest_route=\/wp\/v2\/posts\/314465\/revisions\/314467"}],"wp:attachment":[{"href":"https:\/\/primermomento.com\/index.php?rest_route=%2Fwp%2Fv2%2Fmedia&parent=314465"}],"wp:term":[{"taxonomy":"category","embeddable":true,"href":"https:\/\/primermomento.com\/index.php?rest_route=%2Fwp%2Fv2%2Fcategories&post=314465"},{"taxonomy":"post_tag","embeddable":true,"href":"https:\/\/primermomento.com\/index.php?rest_route=%2Fwp%2Fv2%2Ftags&post=314465"}],"curies":[{"name":"wp","href":"https:\/\/api.w.org\/{rel}","templated":true}]}}